{"id":9786,"date":"2021-10-07T12:00:14","date_gmt":"2021-10-07T12:00:14","guid":{"rendered":"https:\/\/cani.com.co\/php\/?p=9786"},"modified":"2021-10-08T21:04:26","modified_gmt":"2021-10-08T21:04:26","slug":"hablemos-sobre-paralisis-cerebral","status":"publish","type":"post","link":"https:\/\/cani.com.co\/php\/hablemos-sobre-paralisis-cerebral\/","title":{"rendered":"Hablemos Sobre Par\u00e1lisis Cerebral"},"content":{"rendered":"<blockquote>\n<p style=\"text-align: justify;\"><span style=\"font-size: 14pt;\">La par\u00e1lisis cerebral (PC) es un conjunto de alteraciones de tipo motor que influye en la postura, coordinaci\u00f3n y equilibrio, como tambi\u00e9n est\u00e1 relacionado con disfunciones de tipo motor, sensorial, perceptual, comunicaci\u00f3n y epilepsias. La PC es una patolog\u00eda no progresiva, siendo adquirida en el proceso gestacional o en la adquisici\u00f3n de los hitos del desarrollo del ser humano.<\/span><\/p>\n<\/blockquote>\n<h1 style=\"text-align: justify;\">La prevalencia de la PC se sit\u00faa aproximadamente entre 2 y 3 por cada 1000 nacidos vivos.<\/h1>\n<p style=\"text-align: justify;\"><span style=\"font-size: 14pt;\">Existe diversos factores de riesgo que pueden ser asociados en adquirir la patolog\u00eda ya sea de manera prenatal, perinatal, posnatal que pueden detectarse y evitar la PC.<\/span><\/p>\n<p style=\"text-align: justify;\"><span style=\"font-size: 14pt;\"><strong>Factores prenatales:<\/strong> infecci\u00f3n intrauterina, traumatismo, golpes en el vientre, coagulaci\u00f3n, consumo de alcoholismo y tabaquismo, complicaciones de coagulaci\u00f3n, HTA, Diabetes, alteraciones infecciosas en la placenta, hidros fetal, retraso en el crecimiento intrauterino.<br \/>\n<\/span><span style=\"font-size: 14pt;\"><strong>Factores Perinatales:<\/strong> Uso de complicaci\u00f3n de forxes, prematurez al nacer, bajo peso, infecci\u00f3n y fiebre durante el parto, hipoxia cerebral, traumatismo, hemorragia intracraneal, EMOC (oxigenaci\u00f3n por membrana extraporcorea),<\/span><br \/>\n<span style=\"font-size: 14pt;\"><strong>Factores Posnatales:<\/strong> Infecciones, meningitis, traumatismo craneal, epilepsias, fiebres, insuficiencia respiratoria-cardiaca, intoxicaci\u00f3n, deshidrataci\u00f3n grave.<\/span><\/p>\n<h2>Existen diversos tipos de Par\u00e1lisis Cerebral que caracterizan la alteraci\u00f3n del funcionamiento motor:<\/h2>\n<h2>Par\u00e1lisis Cerebral Esp\u00e1stica<\/h2>\n<p style=\"text-align: justify;\"><span style=\"font-size: 14pt;\">Se encuentra relacionado con el mayor compromiso del tono muscular y rigidez en las articulaciones, siendo estas:<\/span><br \/>\n<span style=\"font-size: 14pt;\"><strong>Tetraplejia Esp\u00e1stica:<\/strong> rigidez en las extremidades superiores e inferiores. <\/span><br \/>\n<span style=\"font-size: 14pt;\"><strong>Diplej\u00eda esp\u00e1stica:<\/strong> par\u00e1lisis en las dos extremidades, siendo mayor evidencia en los miembros inferiores al tener dificultad para asumir la b\u00edpeda y realizar marcha.<\/span><br \/>\n<span style=\"font-size: 14pt;\"><strong>Hemiplejia esp\u00e1stica:<\/strong> es una disfunci\u00f3n motora cerebral con implicaciones neuro-musculares en un lado del cuerpo las cuales llevan a alteraciones en marcha.<\/span><\/p>\n<h2>Par\u00e1lisis Cerebral Discin\u00e9tica<\/h2>\n<p style=\"text-align: justify;\"><span style=\"font-size: 14pt;\">La par\u00e1lisis cerebral discin\u00e9tica se caracteriza por la fluctuaci\u00f3n en el tono postural del paciente, evidenciando una hipoton\u00eda y flacidez cuando los m\u00fasculos est\u00e1n en reposo, pero al momento de ejecutar un patr\u00f3n de movimiento hay incremento del tono postural. <\/span><br \/>\n<span style=\"font-size: 14pt;\"><strong>Par\u00e1lisis Cerebral At\u00e1xica:<\/strong> Se caracteriza por la dificultad en coordinar movimientos gruesos y finos, el equilibrio, equilibrio y diferencia en la longitud y tama\u00f1o de las estructuras \u00f3seas.<\/span><br \/>\n<span style=\"font-size: 14pt;\"><strong>Par\u00e1lisis Cerebral Hipot\u00f3nica<\/strong>: Se caracteriza por la disminuci\u00f3n del tono muscular, hiperlaxitud en las articulaciones y flacidez muscular.<\/span><br \/>\n<span style=\"font-size: 14pt;\"><strong>Par\u00e1lisis Cerebral Mixta<\/strong>: existe una combinaci\u00f3n de las par\u00e1lisis cerebral ya sea de tipo hipoton\u00edco y at\u00e1xico, hipert\u00f3nico y at\u00e1xico.<\/span><\/p>\n<h1>Manifestaciones cl\u00ednicas del reci\u00e9n nacido PC:<\/h1>\n<p style=\"text-align: justify;\"><span style=\"font-size: 14pt;\">Persistencia de los reflejos primarios, Ausencia de los reflejos de enderezamiento, Pulgar incluido en la palmar, Hiperextensi\u00f3n en MMII al momento de suspenderlo sobre las axilas, Retraso Psico-motor, Patrones anormales de movimiento entre otras.<\/span><\/p>\n<p style=\"text-align: justify;\"><span style=\"font-size: 14pt;\">Algunas recomendaciones para descartar son ubicar al ni\u00f1o en posici\u00f3n (prono, supino, sedestaci\u00f3n, bipedestaci\u00f3n y suspensiones) y observar la conducta del ni\u00f1o, tambi\u00e9n examinar los Arcos de Movilidad articular, Babinski y Rosolino.<\/span><\/p>\n<h1 style=\"text-align: justify;\">Trastornos Asociados en la PC:<\/h1>\n<p style=\"text-align: justify;\"><span style=\"font-size: 14pt;\">Adem\u00e1s, de los trastornos motores se encuentran asociados las siguientes alteraciones seg\u00fan la magnitud del da\u00f1o cerebral:<\/span><br \/>\n<span style=\"font-size: 14pt;\"><strong>Alteraciones sensoriales:<\/strong> algunos chicos con par\u00e1lisis cerebral presentan dificultades de tipo visual, auditivo, propioceptivo, t\u00e1ctil, vestibular, adem\u00e1s las destrezas perceptuales y habilidades viso-constructivas se encuentran alteradas.<\/span><br \/>\n<span style=\"font-size: 14pt;\"><strong>Alteraciones cognitivas:<\/strong> gran porcentaje de la poblaci\u00f3n con par\u00e1lisis cerebral tiene asociado discapacidad intelectual. <\/span><br \/>\n<span style=\"font-size: 14pt;\"><strong>Epilepsia:<\/strong> gran parte de la poblaci\u00f3n con PC presentan epilepsia de tipo focal y cl\u00f3nico.<\/span><\/p>\n<blockquote>\n<h2 style=\"text-align: justify;\">De acuerdo a lo anterior hace destacar que tambi\u00e9n presentan fracturas o luxaci\u00f3n de cadera, contracturas musculares, uso de sonda vesical, g\u00e1strica y traqueostom\u00eda.<\/h2>\n<\/blockquote>\n<h1>Tratamiento:<\/h1>\n<p style=\"text-align: justify;\"><span style=\"font-size: 14pt;\">El tratamiento de la PC est\u00e1 dirigido de manera farmacol\u00f3gica cuando est\u00e1 asociado con epilepsias&nbsp; y es administrado por medicina Neurol\u00f3gica y el no farmacol\u00f3gico que es de tipo rehabilitador, dirigido a mantener las funciones y mejorar la secuencia de desarrollo, siendo el tratamiento rehabilitador de Fisioterapia, Terapia Ocupacional, Fonoaudiolog\u00eda, Psicolog\u00eda.<\/span><br \/>\n<span style=\"font-size: 14pt;\"><strong>Desde el \u00e1rea de Fisioterapia<\/strong> est\u00e1 dirigido en la rehabilitaci\u00f3n motora del usuario con PC.<\/span><br \/>\n<span style=\"font-size: 14pt;\"><strong>Desde el \u00e1rea de Terapia Ocupacional<\/strong> est\u00e1 dirigido a la rehabilitaci\u00f3n de la independencia en actividades de la vida diaria.<\/span><br \/>\n<span style=\"font-size: 14pt;\"><strong>Desde el \u00e1rea de Fonoaudiolog\u00eda<\/strong> la rehabilitaci\u00f3n de Fonoaudiolog\u00eda est\u00e1 dirigido en la estimulaci\u00f3n del lenguaje y comunicaci\u00f3n.<\/span><br \/>\n<span style=\"font-size: 14pt;\"><strong>Desde el \u00e1rea de Psicolog\u00eda<\/strong> est\u00e1 dirigido en la rehabilitaci\u00f3n de estrategias conductas y comportamentales.<\/span><\/p>\n","protected":false},"excerpt":{"rendered":"<p>La par\u00e1lisis cerebral (PC) es un conjunto de alteraciones de tipo motor que influye en la postura, coordinaci\u00f3n y equilibrio, como tambi\u00e9n est\u00e1 relacionado con disfunciones de tipo motor, sensorial, perceptual, comunicaci\u00f3n y epilepsias. La PC es una patolog\u00eda no progresiva, siendo adquirida en el proceso gestacional o en la adquisici\u00f3n de los hitos del [&hellip;]<\/p>\n","protected":false},"author":2,"featured_media":9789,"comment_status":"open","ping_status":"open","sticky":false,"template":"","format":"standard","meta":{"_et_pb_use_builder":"","_et_pb_old_content":"","_et_gb_content_width":"","ngg_post_thumbnail":0,"footnotes":""},"categories":[81,77],"tags":[],"class_list":["post-9786","post","type-post","status-publish","format-standard","has-post-thumbnail","hentry","category-articulos-de-interes","category-novedades-cani"],"_links":{"self":[{"href":"https:\/\/cani.com.co\/php\/wp-json\/wp\/v2\/posts\/9786","targetHints":{"allow":["GET"]}}],"collection":[{"href":"https:\/\/cani.com.co\/php\/wp-json\/wp\/v2\/posts"}],"about":[{"href":"https:\/\/cani.com.co\/php\/wp-json\/wp\/v2\/types\/post"}],"author":[{"embeddable":true,"href":"https:\/\/cani.com.co\/php\/wp-json\/wp\/v2\/users\/2"}],"replies":[{"embeddable":true,"href":"https:\/\/cani.com.co\/php\/wp-json\/wp\/v2\/comments?post=9786"}],"version-history":[{"count":3,"href":"https:\/\/cani.com.co\/php\/wp-json\/wp\/v2\/posts\/9786\/revisions"}],"predecessor-version":[{"id":9790,"href":"https:\/\/cani.com.co\/php\/wp-json\/wp\/v2\/posts\/9786\/revisions\/9790"}],"wp:featuredmedia":[{"embeddable":true,"href":"https:\/\/cani.com.co\/php\/wp-json\/wp\/v2\/media\/9789"}],"wp:attachment":[{"href":"https:\/\/cani.com.co\/php\/wp-json\/wp\/v2\/media?parent=9786"}],"wp:term":[{"taxonomy":"category","embeddable":true,"href":"https:\/\/cani.com.co\/php\/wp-json\/wp\/v2\/categories?post=9786"},{"taxonomy":"post_tag","embeddable":true,"href":"https:\/\/cani.com.co\/php\/wp-json\/wp\/v2\/tags?post=9786"}],"curies":[{"name":"wp","href":"https:\/\/api.w.org\/{rel}","templated":true}]}}