{"id":9708,"date":"2021-07-09T16:00:14","date_gmt":"2021-07-09T16:00:14","guid":{"rendered":"https:\/\/cani.com.co\/php\/?p=9708"},"modified":"2021-08-02T13:19:12","modified_gmt":"2021-08-02T13:19:12","slug":"hay-senales-de-alerta-en-la-demencia","status":"publish","type":"post","link":"https:\/\/cani.com.co\/php\/hay-senales-de-alerta-en-la-demencia\/","title":{"rendered":"\u00bfHAY SE\u00d1ALES DE ALERTA EN LA DEMENCIA?"},"content":{"rendered":"<p style=\"text-align: justify;\"><span style=\"font-size: 14pt;\">Definitivamente s\u00ed; pero antes hay que se\u00f1alar que la demencia es un t\u00e9rmino general para varias enfermedades que afectan la memoria, otras habilidades cognitivas (como funciones ejecutivas, atenci\u00f3n, lenguaje, cognici\u00f3n y juicio social, velocidad psicomotora, capacidades visoperceptuales o visoespaciales) y el comportamiento, que interfieren significativamente con la capacidad de una persona para mantener sus actividades de la vida diaria.<\/span><\/p>\n<h2 style=\"text-align: justify;\">Aunque la edad es uno de los factores de riesgo conocido m\u00e1s importante para la demencia, no es una parte normal del envejecimiento (OMS, 2021) donde envejecer no es sin\u00f3nimo de demencia.<\/h2>\n<p style=\"text-align: justify;\"><span style=\"font-size: 14pt;\">Sin embargo, a nivel mundial las cifras de adultos mayores se ha acelerado exponencialmente, para el 2020, la OMS mostraba que alrededor de 50 millones de personas estaban padeciendo demencia y hay casi 10 millones de casos nuevos cada a\u00f1o. De ah\u00ed la importancia, de conocer algunas se\u00f1ales de alerta, para saber cuando consultar con un especialista.<\/span><\/p>\n<h1>Enumeraremos 10 se\u00f1ales principales:<\/h1>\n<h2><span style=\"color: #808000;\">1. Cambios en la memoria:<\/span><\/h2>\n<p style=\"text-align: justify;\"><span style=\"font-size: 14pt;\"><img loading=\"lazy\" decoding=\"async\" class=\"alignleft wp-image-9710\" src=\"https:\/\/cani.com.co\/php\/wp-content\/uploads\/2021\/07\/01.png\" alt=\"\" width=\"231\" height=\"114\" srcset=\"https:\/\/cani.com.co\/php\/wp-content\/uploads\/2021\/07\/01.png 475w, https:\/\/cani.com.co\/php\/wp-content\/uploads\/2021\/07\/01-300x147.png 300w, https:\/\/cani.com.co\/php\/wp-content\/uploads\/2021\/07\/01-360x177.png 360w, https:\/\/cani.com.co\/php\/wp-content\/uploads\/2021\/07\/01-262x129.png 262w\" sizes=\"(max-width: 231px) 100vw, 231px\" \/>Esta es una de las se\u00f1ales m\u00e1s comunes, donde esos cambios en la memoria empiezan a afectar la actividad cotidiana de la persona; por ejemplo, hay repetici\u00f3n de las mismas preguntas o asuntos, olvido de eventos, citas o del lugar en donde se ha guardado objetos personales.<\/span><\/p>\n<p>&nbsp;<\/p>\n<h2><span style=\"color: #003366;\">2. Dificultad para realizar tareas complejas:<\/span><\/h2>\n<p style=\"text-align: justify;\"><span style=\"font-size: 14pt;\"><img loading=\"lazy\" decoding=\"async\" class=\" wp-image-9712 alignright\" src=\"https:\/\/cani.com.co\/php\/wp-content\/uploads\/2021\/07\/02.png\" alt=\"\" width=\"227\" height=\"109\" srcset=\"https:\/\/cani.com.co\/php\/wp-content\/uploads\/2021\/07\/02.png 493w, https:\/\/cani.com.co\/php\/wp-content\/uploads\/2021\/07\/02-300x144.png 300w, https:\/\/cani.com.co\/php\/wp-content\/uploads\/2021\/07\/02-360x172.png 360w, https:\/\/cani.com.co\/php\/wp-content\/uploads\/2021\/07\/02-262x125.png 262w\" sizes=\"(max-width: 227px) 100vw, 227px\" \/><\/span><\/p>\n<p style=\"text-align: justify;\"><span style=\"font-size: 14pt;\">Nos referimos a tareas complejas cuando se comienza a observar dificultades para resolver problemas, organizar y planear actividades, tomar decisiones, disminuci\u00f3n de la capacidad para manejar finanzas, comprender situaciones de riesgo.<\/span><\/p>\n<h2><span style=\"color: #800000;\">3. Dificultad para realizar tareas rutinarias:<\/span><\/h2>\n<p style=\"text-align: justify;\"><span style=\"font-size: 14pt;\">Se puede empezar a experimentar dificultad para hacer tareas b\u00e1sicas que antes la persona sol\u00eda hacer con mucha facilidad; como preparar una comida, escoger la ropa apropiada de acuerdo al d\u00eda, tiempo u ocasi\u00f3n, conducir el carro.<\/span><\/p>\n<h2 style=\"text-align: justify;\"><span style=\"color: #0000ff;\">4. Fallas de orientaci\u00f3n:<\/span><\/h2>\n<p style=\"text-align: justify;\"><span style=\"font-size: 14pt;\">Cuando hablamos de orientaci\u00f3n, nos referimos a la capacidad que tenemos de conocernos y reconocernos a nosotros mismos en persona, tiempo y espacio. Generalmente, se ha observado que una de las se\u00f1ales de alerta es la desorientaci\u00f3n de tiempo o lugar, es decir, puede que la persona no logre recordar la fecha, el d\u00eda, el mes o el a\u00f1o en el que estamos; o comience a experimentar dificultad para ubicar el lugar en el que se encuentra, puede llegar a perderse en lugares que siempre ha frecuentado o calles que siempre hab\u00eda recorrido.<\/span><\/p>\n<h2><span style=\"color: #800080;\">5. Problemas del lenguaje:<\/span><\/h2>\n<p style=\"text-align: justify;\"><span style=\"font-size: 14pt;\"><img loading=\"lazy\" decoding=\"async\" class=\"alignleft wp-image-9714\" src=\"https:\/\/cani.com.co\/php\/wp-content\/uploads\/2021\/07\/03.png\" alt=\"\" width=\"258\" height=\"155\" srcset=\"https:\/\/cani.com.co\/php\/wp-content\/uploads\/2021\/07\/03.png 420w, https:\/\/cani.com.co\/php\/wp-content\/uploads\/2021\/07\/03-300x180.png 300w, https:\/\/cani.com.co\/php\/wp-content\/uploads\/2021\/07\/03-360x216.png 360w, https:\/\/cani.com.co\/php\/wp-content\/uploads\/2021\/07\/03-262x157.png 262w\" sizes=\"(max-width: 258px) 100vw, 258px\" \/>Al ser el lenguaje una conducta de comunicaci\u00f3n que nos permite transmitir nuestras intenciones; empezar a experimentar fallas en este, es una se\u00f1al de alerta importante; las dificultades pueden comenzar a notarse cuando la persona no logra encontrar el nombre de objetos que antes le eran familiar o usar palabras equivocadas para nombrarlos, tambi\u00e9n cuando tiene dificultad para producir las palabras, sea oral o escrito, o comprender lo que le dicen.<\/span><\/p>\n<h2><span style=\"color: #ffcc00;\">6. Colocar cosas en lugares inapropiados:<\/span><\/h2>\n<p style=\"text-align: justify;\"><span style=\"font-size: 14pt;\">Es posible, comenzar a notar que la persona coloca objetos fuera de lugar, donde generalmente no es apropiado colocarlo; y esto podr\u00eda generar que se le extrav\u00eden las cosas frecuentemente, y no logran recordar donde lo dejaron.<\/span><\/p>\n<h2><span style=\"color: #00ff00;\">7. Perdida de iniciativa:<\/span><\/h2>\n<p style=\"text-align: justify;\"><span style=\"font-size: 14pt;\">La persona empieza a perder inter\u00e9s en cosas que sol\u00eda disfrutar como actividades sociales, familiares, laborales, deportivas, de ocio, entre otras.<\/span><\/p>\n<h2><span style=\"color: #00ccff;\">8. Perder el juicio:<\/span><\/h2>\n<p style=\"text-align: justify;\"><span style=\"font-size: 14pt;\">Referirnos a perder el juicio, es a ese cambio que puede comenzar a experimentar la persona en la toma de decisiones adecuadas, teniendo dificultad para reconocer el peligro, es posible que regale grandes cantidades de dinero, que venda o regale objetos, que acepten servicios o productos que les ofrecen, incluso por v\u00eda telef\u00f3nica, o sean v\u00edctimas de estafas.<\/span><\/p>\n<h2><span style=\"color: #993366;\">9. Cambios de personalidad:<\/span><\/h2>\n<p style=\"text-align: justify;\"><span style=\"font-size: 14pt;\">La persona comienza a presentar cambios en su personalidad y p\u00e9rdida de habilidades sociales, lo cual puede llevar a comportamientos inapropiados, agresividad u hostilidad.<\/span><\/p>\n<h2><span style=\"color: #cc99ff;\">10. Cambios de humor:<\/span><\/h2>\n<p><span style=\"color: #333333; font-size: 14pt;\">Podemos observar que cambia r\u00e1pidamente de estado de \u00e1nimo o comportamiento, puede verse ansioso, deprimido, temeroso.&nbsp;<\/span><\/p>\n<blockquote>\n<p style=\"text-align: justify;\"><span style=\"font-size: 14pt;\">Si crees que experimentas una o m\u00e1s de estas se\u00f1ales t\u00fa o alg\u00fan familiar, no dudes en consultar con un especialista. Recuerda que nuestro compromiso desde el<strong> CENTRO DE ATENCI\u00d3N NEUROL\u00d3GICA INTEGRAL<\/strong>&nbsp; es permanecer, acompa\u00f1arlos, brindarles informaci\u00f3n y atenci\u00f3n oportuna.<\/span><\/p>\n<\/blockquote>\n<p>&nbsp;<\/p>\n<p><span style=\"font-size: 8pt;\">Elaborado por:<br \/>\n<\/span><span style=\"font-size: 8pt;\">AP. \u00c1ngela Mar\u00eda Pareja Galvis<\/span><br \/>\n<span style=\"font-size: 8pt;\">Mg. Neuropsicolog\u00eda Cl\u00ednica &#8211; <\/span><span style=\"font-size: 8pt;\">Psic\u00f3loga<\/span><br \/>\n<span style=\"font-size: 8pt;\">Centro de Atenci\u00f3n Neurol\u00f3gica Integral-CANI-<\/span><\/p>\n","protected":false},"excerpt":{"rendered":"<p>Definitivamente s\u00ed; pero antes hay que se\u00f1alar que la demencia es un t\u00e9rmino general para varias enfermedades que afectan la memoria, otras habilidades cognitivas (como funciones ejecutivas, atenci\u00f3n, lenguaje, cognici\u00f3n y juicio social, velocidad psicomotora, capacidades visoperceptuales o visoespaciales) y el comportamiento, que interfieren significativamente con la capacidad de una persona para mantener sus actividades [&hellip;]<\/p>\n","protected":false},"author":2,"featured_media":9720,"comment_status":"open","ping_status":"open","sticky":false,"template":"","format":"standard","meta":{"_et_pb_use_builder":"","_et_pb_old_content":"","_et_gb_content_width":"","ngg_post_thumbnail":0,"footnotes":""},"categories":[81],"tags":[122,106,262],"class_list":["post-9708","post","type-post","status-publish","format-standard","has-post-thumbnail","hentry","category-articulos-de-interes","tag-neuropsicologia","tag-demencia","tag-signos-tempranos-de-la-demencia"],"_links":{"self":[{"href":"https:\/\/cani.com.co\/php\/wp-json\/wp\/v2\/posts\/9708","targetHints":{"allow":["GET"]}}],"collection":[{"href":"https:\/\/cani.com.co\/php\/wp-json\/wp\/v2\/posts"}],"about":[{"href":"https:\/\/cani.com.co\/php\/wp-json\/wp\/v2\/types\/post"}],"author":[{"embeddable":true,"href":"https:\/\/cani.com.co\/php\/wp-json\/wp\/v2\/users\/2"}],"replies":[{"embeddable":true,"href":"https:\/\/cani.com.co\/php\/wp-json\/wp\/v2\/comments?post=9708"}],"version-history":[{"count":7,"href":"https:\/\/cani.com.co\/php\/wp-json\/wp\/v2\/posts\/9708\/revisions"}],"predecessor-version":[{"id":9722,"href":"https:\/\/cani.com.co\/php\/wp-json\/wp\/v2\/posts\/9708\/revisions\/9722"}],"wp:featuredmedia":[{"embeddable":true,"href":"https:\/\/cani.com.co\/php\/wp-json\/wp\/v2\/media\/9720"}],"wp:attachment":[{"href":"https:\/\/cani.com.co\/php\/wp-json\/wp\/v2\/media?parent=9708"}],"wp:term":[{"taxonomy":"category","embeddable":true,"href":"https:\/\/cani.com.co\/php\/wp-json\/wp\/v2\/categories?post=9708"},{"taxonomy":"post_tag","embeddable":true,"href":"https:\/\/cani.com.co\/php\/wp-json\/wp\/v2\/tags?post=9708"}],"curies":[{"name":"wp","href":"https:\/\/api.w.org\/{rel}","templated":true}]}}