{"id":9699,"date":"2021-06-16T12:00:14","date_gmt":"2021-06-16T12:00:14","guid":{"rendered":"https:\/\/cani.com.co\/php\/?p=9699"},"modified":"2021-06-16T17:08:26","modified_gmt":"2021-06-16T17:08:26","slug":"dia-mundial-de-la-esclerosis-lateral-amiotrofica-ela","status":"publish","type":"post","link":"https:\/\/cani.com.co\/php\/dia-mundial-de-la-esclerosis-lateral-amiotrofica-ela\/","title":{"rendered":"D\u00eda mundial de la Esclerosis Lateral Amiotr\u00f3fica (ELA)"},"content":{"rendered":"<h1 style=\"text-align: justify;\">El 21 de junio se conmemora el D\u00eda Mundial de la lucha contra la Esclerosis Lateral Amiotr\u00f3fica (ELA). La tercera enfermedad neurodegenerativa en incidencia, tras la demencia y el P\u00e1rkinson.<\/h1>\n<p style=\"text-align: justify;\"><span style=\"font-size: 14pt;\">Con la conmemoraci\u00f3n de este d\u00eda se busca sensibilizar a la poblaci\u00f3n sobre esta enfermedad que cada d\u00eda afecta a m\u00e1s personas.&nbsp; Impulsando esquemas de apoyo que se multipliquen al esfuerzo mundial para brindar una mayor calidad de vida para los pacientes y familiares afectados.<\/span><\/p>\n<p style=\"text-align: justify;\"><span style=\"font-size: 14pt;\"><img loading=\"lazy\" decoding=\"async\" class=\"alignleft wp-image-9700\" src=\"https:\/\/cani.com.co\/php\/wp-content\/uploads\/2021\/06\/1.png\" alt=\"\" width=\"498\" height=\"293\" srcset=\"https:\/\/cani.com.co\/php\/wp-content\/uploads\/2021\/06\/1.png 633w, https:\/\/cani.com.co\/php\/wp-content\/uploads\/2021\/06\/1-300x176.png 300w, https:\/\/cani.com.co\/php\/wp-content\/uploads\/2021\/06\/1-555x326.png 555w, https:\/\/cani.com.co\/php\/wp-content\/uploads\/2021\/06\/1-360x212.png 360w, https:\/\/cani.com.co\/php\/wp-content\/uploads\/2021\/06\/1-262x154.png 262w\" sizes=\"(max-width: 498px) 100vw, 498px\" \/>La Esclerosis Lateral Amiotr\u00f3fica E.L.A. Est\u00e1 definida como una enfermedad de origen neurodegenerativo la cual afecta las neuronas que controlan los m\u00fasculos del movimiento voluntario, generado una debilidad que avanza progresivamente, siendo la insuficiencia respiratoria la principal causa de muerte. <\/span><span style=\"font-size: 14pt;\">La&nbsp;ELA&nbsp;con frecuencia comienza en las manos, los pies o las extremidades y luego se extiende a otras partes del cuerpo. A medida que la enfermedad avanza y las c\u00e9lulas nerviosas se destruyen, los m\u00fasculos se debilitan. Esto eventualmente afecta la masticaci\u00f3n, la degluci\u00f3n, el habla y la respiraci\u00f3n.<\/span><\/p>\n<blockquote>\n<h2 style=\"text-align: justify;\"><span style=\"font-size: 14pt;\">Los signos y s\u00edntomas de la&nbsp;ELA&nbsp;var\u00edan mucho de una persona a otra, seg\u00fan las neuronas afectadas. Algunos de los signos y s\u00edntomas m\u00e1s comunes son:<\/span><\/h2>\n<\/blockquote>\n<ul>\n<li style=\"text-align: justify;\"><span style=\"font-size: 14pt;\">Dificultad para caminar o realizar actividades diarias normales<\/span><\/li>\n<li style=\"text-align: justify;\"><span style=\"font-size: 14pt;\">Tropezones y ca\u00eddas<\/span><\/li>\n<li style=\"text-align: justify;\"><span style=\"font-size: 14pt;\">Debilidad en las piernas, los pies o los tobillos<\/span><\/li>\n<li style=\"text-align: justify;\"><span style=\"font-size: 14pt;\">Debilidad o torpeza en las manos<\/span><\/li>\n<li style=\"text-align: justify;\"><span style=\"font-size: 14pt;\">Dificultad para hablar o problemas para tragar<\/span><\/li>\n<li style=\"text-align: justify;\"><span style=\"font-size: 14pt;\">Calambres musculares y espasmos en brazos, hombros y lengua<\/span><\/li>\n<li style=\"text-align: justify;\"><span style=\"font-size: 14pt;\">Llanto, risa o bostezos inapropiados<\/span><\/li>\n<li style=\"text-align: justify;\"><span style=\"font-size: 14pt;\">Cambios cognitivos y de comportamiento<\/span><\/li>\n<\/ul>\n<p style=\"text-align: justify;\"><span style=\"font-size: 14pt;\">La mayor\u00eda de las personas con esclerosis lateral amiotr\u00f3fica desarrollan problemas para hablar. Por lo general, esto comienza como una dificultad leve la cual va avanzando conforme a la enfermedad es por ello que a trav\u00e9s herramientas y tecnolog\u00edas de comunicaci\u00f3n alternativas y aumentativa se busca disminuir las barreras con los diferentes contextos.&nbsp;<\/span><span style=\"font-size: 14pt;\">Las personas con&nbsp;ELA&nbsp;pueden desarrollar disfagia, desnutrici\u00f3n y deshidrataci\u00f3n por el da\u00f1o a los m\u00fasculos que controlan la degluci\u00f3n.<\/span><\/p>\n<p style=\"text-align: justify;\"><span style=\"font-size: 14pt;\">Generalmente no hay dolor en los estadios tempranos&nbsp; A medida que la enfermedad progresa, &nbsp;causa &nbsp;mayores complicaciones, &nbsp;paraliza los m\u00fasculos respiratorios. Es posible que se requiera soportes mec\u00e1nicos no invasivos inicialmente. <\/span><span style=\"font-size: 14pt;\">La causa m\u00e1s com\u00fan de muerte para las personas con&nbsp;esclerosis lateral amiotr\u00f3fica&nbsp;es la insuficiencia respiratoria. <\/span><\/p>\n<blockquote>\n<h2 style=\"text-align: justify;\"><span style=\"font-size: 14pt;\">En promedio, la muerte ocurre entre tres y cinco a\u00f1os despu\u00e9s de que comienzan los s\u00edntomas. Sin embargo, algunas personas con&nbsp;esclerosis lateral amiotr\u00f3fica&nbsp;viven 10 a\u00f1os o m\u00e1s.<\/span><\/h2>\n<\/blockquote>\n<p style=\"text-align: justify;\"><span style=\"font-size: 14pt;\"><img loading=\"lazy\" decoding=\"async\" class=\" wp-image-9702 alignright\" src=\"https:\/\/cani.com.co\/php\/wp-content\/uploads\/2021\/06\/2.png\" alt=\"\" width=\"540\" height=\"287\" srcset=\"https:\/\/cani.com.co\/php\/wp-content\/uploads\/2021\/06\/2.png 647w, https:\/\/cani.com.co\/php\/wp-content\/uploads\/2021\/06\/2-300x160.png 300w, https:\/\/cani.com.co\/php\/wp-content\/uploads\/2021\/06\/2-555x295.png 555w, https:\/\/cani.com.co\/php\/wp-content\/uploads\/2021\/06\/2-360x191.png 360w, https:\/\/cani.com.co\/php\/wp-content\/uploads\/2021\/06\/2-262x139.png 262w\" sizes=\"(max-width: 540px) 100vw, 540px\" \/>La ELA no tiene causa ni cura conocida, solo existen tratamientos paliativos, &nbsp;siendo una de ella la &nbsp;terapia&nbsp; multidisciplinaria la cual &nbsp;contribuye de forma significativa al bienestar del paciente, la rehabilitaci\u00f3n multifactorial permanece como la mejor esperanza para mejorar la salud y supervivencia de estos pacientes&nbsp; en dicho proceso terap\u00e9utico es importante \u00e1rea como fisioterapia para mantener la movilidad y evitar espasmos y rigidez; Terapia ocupacional&nbsp; fortalece la adaptaci\u00f3n de rutinas y herramientas para las actividades de la vida diaria y cotidianas&nbsp; fonoaudiolog\u00eda&nbsp; para&nbsp; el proceso deglutorio y ayudas t\u00e9cnicas como los sistemas de apoyo para la comunicaci\u00f3n que permiten seguir comunic\u00e1ndose al paciente cuando se &nbsp;presenta disartria,&nbsp; el apoyo psicosocial que es de vital importancia en el asesoramiento y acompa\u00f1amiento para los afectados y sus familias.<\/span><\/p>\n<blockquote>\n<h2 style=\"text-align: justify;\"><span style=\"font-size: 14pt;\">El ELA es una enfermedad compleja en la que se hace necesario no solo un soporte psicol\u00f3gico para afrontar esta dura situaci\u00f3n, sino asesor\u00eda y orientaci\u00f3n en los diferentes aspectos, que se van planteando en cada fase de la enfermedad. Es por ello que se hace importante para quienes padecen dicha enfermedad como para familiares y cuidadores conocer los diferentes aspectos de la enfermedad con el fin de prepararse y brindar una calidad de vida al usuario.<\/span><\/h2>\n<p>&nbsp;<\/p><\/blockquote>\n<p style=\"text-align: justify;\"><span style=\"font-size: 10pt;\">Para mayor informaci\u00f3n sobre dicha enfermedad se recomiendan los siguientes art\u00edculos:Principio del formulario<br \/>\n<\/span><span style=\"font-size: 10pt;\">Final del formulario<br \/>\n<\/span><span style=\"font-size: 10pt;\">Articulo retomado de las siguientes fuentes:<\/span><\/p>\n<ul>\n<li style=\"text-align: justify;\"><span style=\"font-size: 10pt;\">Fundaci\u00f3n espa\u00f1ola de enfermedades neurol\u00f3gicas fundaci\u00f3n del cerebro&nbsp; Ana Camacho, Jes\u00fas Esteban, Carmen paradas 12 de octubre- 2014<br \/>\n<\/span><span style=\"font-size: 10pt;\"><a href=\"http:\/\/www.fundaciondelcerebro.es\/docs\/INFORME_ELA.pdf\">http:\/\/www.fundaciondelcerebro.es\/docs\/INFORME_ELA.pdf<\/a><\/span><\/li>\n<li style=\"text-align: justify;\"><span style=\"font-size: 10pt;\">Mayo clinic family Health book (libro de salud familiar de mayo cl\u00ednica 5 \u00b0 edici\u00f3n<br \/>\n<\/span><span style=\"font-size: 10pt;\"><a href=\"https:\/\/www.mayoclinic.org\/es-es\/diseases-conditions\/amyotrophic-lateral-sclerosis\/symptoms-causes\/syc-20354022\">https:\/\/www.mayoclinic.org\/es-es\/diseases-conditions\/amyotrophic-lateral-sclerosis\/symptoms-causes\/syc-20354022<\/a><\/span><\/li>\n<\/ul>\n<p style=\"text-align: justify;\">&nbsp;<\/p>\n","protected":false},"excerpt":{"rendered":"<p>El 21 de junio se conmemora el D\u00eda Mundial de la lucha contra la Esclerosis Lateral Amiotr\u00f3fica (ELA). La tercera enfermedad neurodegenerativa en incidencia, tras la demencia y el P\u00e1rkinson. Con la conmemoraci\u00f3n de este d\u00eda se busca sensibilizar a la poblaci\u00f3n sobre esta enfermedad que cada d\u00eda afecta a m\u00e1s personas.&nbsp; Impulsando esquemas de [&hellip;]<\/p>\n","protected":false},"author":2,"featured_media":9704,"comment_status":"open","ping_status":"open","sticky":false,"template":"","format":"standard","meta":{"_et_pb_use_builder":"","_et_pb_old_content":"","_et_gb_content_width":"","ngg_post_thumbnail":0,"footnotes":""},"categories":[81,77],"tags":[126,259,261,260],"class_list":["post-9699","post","type-post","status-publish","format-standard","has-post-thumbnail","hentry","category-articulos-de-interes","category-novedades-cani","tag-neurologia","tag-ela","tag-enfermedad-neurodegenerativa","tag-esclerosis-lateral-amiotrofica"],"_links":{"self":[{"href":"https:\/\/cani.com.co\/php\/wp-json\/wp\/v2\/posts\/9699","targetHints":{"allow":["GET"]}}],"collection":[{"href":"https:\/\/cani.com.co\/php\/wp-json\/wp\/v2\/posts"}],"about":[{"href":"https:\/\/cani.com.co\/php\/wp-json\/wp\/v2\/types\/post"}],"author":[{"embeddable":true,"href":"https:\/\/cani.com.co\/php\/wp-json\/wp\/v2\/users\/2"}],"replies":[{"embeddable":true,"href":"https:\/\/cani.com.co\/php\/wp-json\/wp\/v2\/comments?post=9699"}],"version-history":[{"count":2,"href":"https:\/\/cani.com.co\/php\/wp-json\/wp\/v2\/posts\/9699\/revisions"}],"predecessor-version":[{"id":9703,"href":"https:\/\/cani.com.co\/php\/wp-json\/wp\/v2\/posts\/9699\/revisions\/9703"}],"wp:featuredmedia":[{"embeddable":true,"href":"https:\/\/cani.com.co\/php\/wp-json\/wp\/v2\/media\/9704"}],"wp:attachment":[{"href":"https:\/\/cani.com.co\/php\/wp-json\/wp\/v2\/media?parent=9699"}],"wp:term":[{"taxonomy":"category","embeddable":true,"href":"https:\/\/cani.com.co\/php\/wp-json\/wp\/v2\/categories?post=9699"},{"taxonomy":"post_tag","embeddable":true,"href":"https:\/\/cani.com.co\/php\/wp-json\/wp\/v2\/tags?post=9699"}],"curies":[{"name":"wp","href":"https:\/\/api.w.org\/{rel}","templated":true}]}}