{"id":9641,"date":"2021-04-22T18:00:15","date_gmt":"2021-04-22T18:00:15","guid":{"rendered":"https:\/\/cani.com.co\/php\/?p=9641"},"modified":"2021-04-30T15:38:20","modified_gmt":"2021-04-30T15:38:20","slug":"importancia-de-la-terpia-fisica-en-la-etapas-iniciales-del-parkinson","status":"publish","type":"post","link":"https:\/\/cani.com.co\/php\/importancia-de-la-terpia-fisica-en-la-etapas-iniciales-del-parkinson\/","title":{"rendered":"Importancia de la Terapia F\u00edsica en la etapas iniciales del P\u00e1rkinson"},"content":{"rendered":"<blockquote>\n<p style=\"text-align: justify;\"><span style=\"font-size: 14pt;\">La enfermedad de Parkinson es una patolog\u00eda neurol\u00f3gica degenerativa que compromete principalmente la habilidad del cerebro para controlar los movimientos del cuerpo. <\/span><\/p>\n<\/blockquote>\n<p style=\"text-align: justify;\"><span style=\"font-size: 14pt;\">Actualmente no tiene cura, pero se puede retrasar la aparici\u00f3n de los signos o pueden ser controlados en caso de que ya se hayan manifestado, gracias a la neurolog\u00eda y a determinados tratamientos fisioterap\u00e9uticos. Como se trata de una enfermedad que afecta a la funci\u00f3n motora, los s\u00edntomas m\u00e1s evidentes son aquellos relacionados con la capacidad de movimiento, por ejemplo:<\/span><\/p>\n<h2>Temblor cuando se est\u00e1 en reposo.<\/h2>\n<p style=\"text-align: justify;\"><span style=\"font-size: 14pt;\"><img loading=\"lazy\" decoding=\"async\" class=\"alignleft wp-image-9643\" src=\"https:\/\/cani.com.co\/php\/wp-content\/uploads\/2021\/04\/01.png\" alt=\"\" width=\"184\" height=\"181\" srcset=\"https:\/\/cani.com.co\/php\/wp-content\/uploads\/2021\/04\/01.png 314w, https:\/\/cani.com.co\/php\/wp-content\/uploads\/2021\/04\/01-300x294.png 300w, https:\/\/cani.com.co\/php\/wp-content\/uploads\/2021\/04\/01-60x60.png 60w, https:\/\/cani.com.co\/php\/wp-content\/uploads\/2021\/04\/01-43x43.png 43w, https:\/\/cani.com.co\/php\/wp-content\/uploads\/2021\/04\/01-262x257.png 262w\" sizes=\"(max-width: 184px) 100vw, 184px\" \/>Presente en alrededor de un 70% de los pacientes. Se presenta de forma caracter\u00edstica durante el reposo, ya que desaparece al adoptar una postura o al ejecutar una acci\u00f3n. Afecta sobre todo a las extremidades superiores y con menor frecuencia a las extremidades inferiores, labios, lengua, ment\u00f3n\u2026. El temblor de la cabeza es raro en la Enfermedad de P\u00e1rkinson. Como sucede con todos los temblores, empeora con el cansancio, la ansiedad y los f\u00e1rmacos estimulantes del sistema nervioso. Durante el d\u00eda var\u00eda la intensidad y amplitud del temblor, y desaparece durante el sue\u00f1o. Es importante se\u00f1alar que hay muchas causas de temblor y que no todas las personas con temblor padecen P\u00e1rkinson.<\/span><\/p>\n<h2>Bradicinesia.<\/h2>\n<p style=\"text-align: justify;\"><span style=\"font-size: 14pt;\"><img loading=\"lazy\" decoding=\"async\" class=\" wp-image-9644 alignright\" src=\"https:\/\/cani.com.co\/php\/wp-content\/uploads\/2021\/04\/03.png\" alt=\"\" width=\"188\" height=\"170\" srcset=\"https:\/\/cani.com.co\/php\/wp-content\/uploads\/2021\/04\/03.png 347w, https:\/\/cani.com.co\/php\/wp-content\/uploads\/2021\/04\/03-300x271.png 300w, https:\/\/cani.com.co\/php\/wp-content\/uploads\/2021\/04\/03-262x237.png 262w\" sizes=\"(max-width: 188px) 100vw, 188px\" \/>Es la ralentizaci\u00f3n de movimientos que dificultan la realizaci\u00f3n de tareas cotidianas. Se manifiesta desde las fases iniciales de la enfermedad con actividades que requieren cierta habilidad o precisi\u00f3n como escribir, coser, afeitarse, etc. Sin embargo y a medida que avanza la enfermedad, se puede hacer m\u00e1s evidente y aparecer en actividades de menos precisi\u00f3n como abrocharse un bot\u00f3n o pelar una fruta.<\/span><\/p>\n<h2>Rigidez<\/h2>\n<p style=\"text-align: justify;\"><span style=\"font-size: 14pt;\"><img loading=\"lazy\" decoding=\"async\" class=\"alignleft wp-image-9645\" src=\"https:\/\/cani.com.co\/php\/wp-content\/uploads\/2021\/04\/04.png\" alt=\"\" width=\"233\" height=\"197\" srcset=\"https:\/\/cani.com.co\/php\/wp-content\/uploads\/2021\/04\/04.png 334w, https:\/\/cani.com.co\/php\/wp-content\/uploads\/2021\/04\/04-300x253.png 300w, https:\/\/cani.com.co\/php\/wp-content\/uploads\/2021\/04\/04-262x221.png 262w\" sizes=\"(max-width: 233px) 100vw, 233px\" \/>Consiste en la resistencia a la realizaci\u00f3n del movimiento pasivo, tanto flexor como extensor de las extremidades. Al principio puede no ser advertida por el enfermo como tal y referir exclusivamente dolor a nivel de cuello, espalda u hombros o incluso calambres musculares debidos a la postura est\u00e1tica y flexionada de las articulaciones. Esta rigidez suele ser m\u00e1s evidente en las zonas distales de las extremidades (tobillo y mu\u00f1eca) aunque tambi\u00e9n se observa en zonas intermedias (como codos o rodillas).<\/span><\/p>\n<p>&nbsp;<\/p>\n<h2>Trastornos Posturales<\/h2>\n<p style=\"text-align: justify;\"><span style=\"font-size: 14pt;\"><img loading=\"lazy\" decoding=\"async\" class=\"wp-image-9646 alignright\" src=\"https:\/\/cani.com.co\/php\/wp-content\/uploads\/2021\/04\/05.png\" alt=\"\" width=\"177\" height=\"187\" srcset=\"https:\/\/cani.com.co\/php\/wp-content\/uploads\/2021\/04\/05.png 306w, https:\/\/cani.com.co\/php\/wp-content\/uploads\/2021\/04\/05-284x300.png 284w, https:\/\/cani.com.co\/php\/wp-content\/uploads\/2021\/04\/05-262x277.png 262w\" sizes=\"(max-width: 177px) 100vw, 177px\" \/>Pueden ser iniciales, aunque lo habitual es que aparezcan en las fases avanzadas del proceso. La postura m\u00e1s com\u00fan del paciente tiende a la flexi\u00f3n del tronco, de la cabeza y de las cuatro extremidades. La marcha tambi\u00e9n se altera, con tendencia a la propulsi\u00f3n y a realizar pasos cortos. En periodos avanzados de la enfermedad, el paciente puede presentar bloqueos de la marcha con pasos peque\u00f1os sin apenas desplazamiento y con una gran inestabilidad para girar. Estos bloqueos de la marcha pueden dar lugar f\u00e1cilmente a ca\u00eddas. Los trastornos posturales y de la marcha aumentan en los lugares estrechos (pasillos, umbrales de las puertas) y mejoran en los amplios y poco concurridos.<\/span><\/p>\n<blockquote>\n<h2 style=\"text-align: justify;\">Tambi\u00e9n pueden presentarse otros s\u00edntomas no relacionados al movimiento como las alteraciones del sue\u00f1o, la depresi\u00f3n, la p\u00e9rdida de memoria (demencia por enfermedad de P\u00e1rkinson) y la dificultad en el habla.<\/h2>\n<\/blockquote>\n<p style=\"text-align: justify;\"><span style=\"font-size: 14pt; text-align: justify;\">Es por esto que la Terapia f\u00edsica (profesi\u00f3n encargada del movimiento corporal humano), es de gran importancia para tratar la enfermedad de P\u00e1rkinson, ya sea principalmente en sus fases iniciales, para lograr retrasar la progresi\u00f3n de los signos motores, o a largo plazo para mantenerlos y\/o mejorarlos, adem\u00e1s la rehabilitaci\u00f3n oportuna, permite mayor grado de autonom\u00eda para realizar actividades cotidianas que impliquen movilidad (levantarse, asearse, vestirse, pasear).&nbsp;<\/span><\/p>\n<h1 style=\"text-align: justify;\">La fisioterapia igualmente ayuda a rehabilitar la marcha, superar bloqueos, facilitar los cambios posturales, mantener la amplitud de movimiento, la elasticidad muscular, y disminuir las molestias f\u00edsicas de otros s\u00edntomas que aparecen con la evoluci\u00f3n de esta enfermedad.<\/h1>\n<p style=\"text-align: justify;\"><span style=\"font-size: 14pt;\"> Es muy recomendable iniciar el proceso de rehabilitaci\u00f3n lo m\u00e1s pronto posible luego de haber sido diagnosticada la enfermedad y m\u00e1s en los tiempos de pandemia que se viven actualmente, donde se suele excluir la vida social y la actividad f\u00edsica, lo que lleva a la inmovilidad, que es uno de los detonantes principales para generar las alteraciones f\u00edsicas. Adem\u00e1s, se sugiere realizar actividad f\u00edsica en casa con regularidad para generar est\u00edmulos constantes que evitan secuelas m\u00e1s graves en el movimiento y\/o la salud en general. Algunos ejercicios que se pueden realizar son:&nbsp;<\/span><\/p>\n<p><img loading=\"lazy\" decoding=\"async\" class=\"size-full wp-image-9651 aligncenter\" src=\"https:\/\/cani.com.co\/php\/wp-content\/uploads\/2021\/04\/001.png\" alt=\"\" width=\"1280\" height=\"828\" srcset=\"https:\/\/cani.com.co\/php\/wp-content\/uploads\/2021\/04\/001.png 1280w, https:\/\/cani.com.co\/php\/wp-content\/uploads\/2021\/04\/001-300x194.png 300w, https:\/\/cani.com.co\/php\/wp-content\/uploads\/2021\/04\/001-1024x662.png 1024w, https:\/\/cani.com.co\/php\/wp-content\/uploads\/2021\/04\/001-1140x737.png 1140w, https:\/\/cani.com.co\/php\/wp-content\/uploads\/2021\/04\/001-555x359.png 555w, https:\/\/cani.com.co\/php\/wp-content\/uploads\/2021\/04\/001-360x233.png 360w, https:\/\/cani.com.co\/php\/wp-content\/uploads\/2021\/04\/001-262x169.png 262w\" sizes=\"(max-width: 1280px) 100vw, 1280px\" \/><\/p>\n<p><img loading=\"lazy\" decoding=\"async\" class=\"size-full wp-image-9652 aligncenter\" src=\"https:\/\/cani.com.co\/php\/wp-content\/uploads\/2021\/04\/002.png\" alt=\"\" width=\"1280\" height=\"599\" srcset=\"https:\/\/cani.com.co\/php\/wp-content\/uploads\/2021\/04\/002.png 1280w, https:\/\/cani.com.co\/php\/wp-content\/uploads\/2021\/04\/002-300x140.png 300w, https:\/\/cani.com.co\/php\/wp-content\/uploads\/2021\/04\/002-1024x479.png 1024w, https:\/\/cani.com.co\/php\/wp-content\/uploads\/2021\/04\/002-1140x533.png 1140w, https:\/\/cani.com.co\/php\/wp-content\/uploads\/2021\/04\/002-555x260.png 555w, https:\/\/cani.com.co\/php\/wp-content\/uploads\/2021\/04\/002-360x168.png 360w, https:\/\/cani.com.co\/php\/wp-content\/uploads\/2021\/04\/002-262x123.png 262w\" sizes=\"(max-width: 1280px) 100vw, 1280px\" \/><\/p>\n<p>&nbsp;<\/p>\n<h1>Para tener en cuenta:<\/h1>\n<ul>\n<li style=\"text-align: justify;\"><span style=\"font-size: 14pt;\"><span style=\"font-size: 14pt;\">Hacer 3 series con las repeticiones especificadas en cada uno de ellos, con un descanso aproximado de un minuto entre serie.<\/span><\/span>&nbsp;<\/li>\n<li style=\"text-align: justify;\"><span style=\"font-size: 14pt;\"><span style=\"font-size: 14pt;\">Deben tener siempre en cuenta la conciencia respiratoria a la hora de realizar cualquier ejercicio<\/span><\/span>&nbsp;<\/li>\n<li style=\"text-align: justify;\"><span style=\"font-size: 14pt;\"><span style=\"font-size: 14pt;\">&nbsp;Todos los ejercicios se deben realizar cuidando la postura, por lo que se recomienda hacerlos frente a un espejo o en compa\u00f1\u00eda de una persona, para realizar cada movimiento correctamente.<\/span><\/span>&nbsp;<\/li>\n<li style=\"text-align: justify;\"><span style=\"font-size: 14pt;\"><span style=\"font-size: 14pt;\">Se puede agregar peso adicional si se cuenta en casa con implementos como theraband, mancuernas, entre otros.<\/span><\/span>&nbsp;<\/li>\n<li style=\"text-align: justify;\"><span style=\"font-size: 14pt;\">Las repeticiones y series se pueden ir aumentando a medida que las capacidades f\u00edsicas vayan aumentando tambi\u00e9n y no se genere una fatiga excesiva.<\/span><\/li>\n<li style=\"text-align: justify;\"><span style=\"font-size: 14pt;\">Tener en cuenta siempre la hidrataci\u00f3n al momento de estar realizando la rutina de actividad f\u00edsica<\/span><\/li>\n<\/ul>\n<h2>Recuerda por favor:<\/h2>\n<blockquote>\n<p style=\"text-align: justify;\"><span style=\"font-size: 14pt;\">\u00a1Si necesitas ayuda profesional, en CANI contamos con un programa de Neurorrehabilitaci\u00f3n integral para la enfermedad de Parkinson, en el cual trabajamos de manera transdisciplinar desde las \u00e1reas de neurolog\u00eda, neuropsicolog\u00eda, fisioterapia, terapia ocupacional y fonoaudiolog\u00eda!&nbsp;<\/span><\/p>\n<\/blockquote>\n<p>&nbsp;<\/p>\n","protected":false},"excerpt":{"rendered":"<p>La enfermedad de Parkinson es una patolog\u00eda neurol\u00f3gica degenerativa que compromete principalmente la habilidad del cerebro para controlar los movimientos del cuerpo. Actualmente no tiene cura, pero se puede retrasar la aparici\u00f3n de los signos o pueden ser controlados en caso de que ya se hayan manifestado, gracias a la neurolog\u00eda y a determinados tratamientos [&hellip;]<\/p>\n","protected":false},"author":2,"featured_media":9654,"comment_status":"open","ping_status":"open","sticky":false,"template":"","format":"standard","meta":{"_et_pb_use_builder":"","_et_pb_old_content":"","_et_gb_content_width":"","ngg_post_thumbnail":0,"footnotes":""},"categories":[81,77],"tags":[126,112,247,248,249],"class_list":["post-9641","post","type-post","status-publish","format-standard","has-post-thumbnail","hentry","category-articulos-de-interes","category-novedades-cani","tag-neurologia","tag-parkinson","tag-etapas-iniciales-del-parkinson","tag-rehabilitacion-de-pacientes-con-parkinson","tag-terapias-para-el-parkinson"],"_links":{"self":[{"href":"https:\/\/cani.com.co\/php\/wp-json\/wp\/v2\/posts\/9641","targetHints":{"allow":["GET"]}}],"collection":[{"href":"https:\/\/cani.com.co\/php\/wp-json\/wp\/v2\/posts"}],"about":[{"href":"https:\/\/cani.com.co\/php\/wp-json\/wp\/v2\/types\/post"}],"author":[{"embeddable":true,"href":"https:\/\/cani.com.co\/php\/wp-json\/wp\/v2\/users\/2"}],"replies":[{"embeddable":true,"href":"https:\/\/cani.com.co\/php\/wp-json\/wp\/v2\/comments?post=9641"}],"version-history":[{"count":8,"href":"https:\/\/cani.com.co\/php\/wp-json\/wp\/v2\/posts\/9641\/revisions"}],"predecessor-version":[{"id":9656,"href":"https:\/\/cani.com.co\/php\/wp-json\/wp\/v2\/posts\/9641\/revisions\/9656"}],"wp:featuredmedia":[{"embeddable":true,"href":"https:\/\/cani.com.co\/php\/wp-json\/wp\/v2\/media\/9654"}],"wp:attachment":[{"href":"https:\/\/cani.com.co\/php\/wp-json\/wp\/v2\/media?parent=9641"}],"wp:term":[{"taxonomy":"category","embeddable":true,"href":"https:\/\/cani.com.co\/php\/wp-json\/wp\/v2\/categories?post=9641"},{"taxonomy":"post_tag","embeddable":true,"href":"https:\/\/cani.com.co\/php\/wp-json\/wp\/v2\/tags?post=9641"}],"curies":[{"name":"wp","href":"https:\/\/api.w.org\/{rel}","templated":true}]}}