{"id":9607,"date":"2021-03-22T10:00:45","date_gmt":"2021-03-22T10:00:45","guid":{"rendered":"https:\/\/cani.com.co\/php\/?p=9607"},"modified":"2021-03-30T13:26:52","modified_gmt":"2021-03-30T13:26:52","slug":"funcion-del-psicopedagogo-en-los-procesos-de-rehabilitacion","status":"publish","type":"post","link":"https:\/\/cani.com.co\/php\/funcion-del-psicopedagogo-en-los-procesos-de-rehabilitacion\/","title":{"rendered":"Funci\u00f3n del Psicopedagogo en los procesos de Rehabilitaci\u00f3n"},"content":{"rendered":"<blockquote>\n<h3><span style=\"color: #000000;\">Vivimos en una \u00e9poca donde adem\u00e1s de marcar hechos importantes en el contexto educativo, trabajamos por la universalizaci\u00f3n de la ense\u00f1anza desde procesos comunitarios transversales.<\/span><\/h3>\n<\/blockquote>\n<h2 style=\"text-align: justify;\"><span style=\"color: #99cc00;\">Funci\u00f3n del Psicopedagogo en los procesos de Rehabilitaci\u00f3n<\/span><\/h2>\n<p style=\"text-align: justify;\"><img loading=\"lazy\" decoding=\"async\" class=\"alignleft wp-image-9619 \" src=\"https:\/\/cani.com.co\/php\/wp-content\/uploads\/2021\/03\/50e807c62f23d117503788d677e03ead.jpg\" alt=\"\" width=\"348\" height=\"220\" srcset=\"https:\/\/cani.com.co\/php\/wp-content\/uploads\/2021\/03\/50e807c62f23d117503788d677e03ead.jpg 500w, https:\/\/cani.com.co\/php\/wp-content\/uploads\/2021\/03\/50e807c62f23d117503788d677e03ead-300x189.jpg 300w, https:\/\/cani.com.co\/php\/wp-content\/uploads\/2021\/03\/50e807c62f23d117503788d677e03ead-360x227.jpg 360w, https:\/\/cani.com.co\/php\/wp-content\/uploads\/2021\/03\/50e807c62f23d117503788d677e03ead-262x165.jpg 262w\" sizes=\"(max-width: 348px) 100vw, 348px\" \/><span style=\"font-size: 14pt;\">El psicopedagogo en los procesos de Rehabilitaci\u00f3n Integral, se configura como un especialista interno o externo al centro de formaci\u00f3n, cuya labor est\u00e1 orientada a la intervenci\u00f3n psicopedag\u00f3gica desde el evaluar las caracter\u00edsticas personales de cada uno de los sujetos y proponer un plan de intervenci\u00f3n destinado a compensar o reeducar lo que perciba como un problema individual o familiar <em>(Arnaiz,2003.p.28).<\/em><\/span><\/p>\n<p style=\"text-align: justify;\"><span style=\"color: #339966; font-size: 14pt;\"><strong>Psicopedagog\u00eda-rehabilitaci\u00f3n, pr\u00e1cticas que descansan en una visi\u00f3n patol\u00f3gica de la diferencia y que se amparan de una evaluaci\u00f3n estandarizada para dar paso a una intervenci\u00f3n individualizada de \u00e1mbito cognitivo-intelectual.<\/strong><\/span><\/p>\n<h2 style=\"text-align: justify;\"><span style=\"color: #99cc00;\">Psicopedagog\u00eda: todos tienen una oportunidad para crecer y confiar.<\/span><\/h2>\n<blockquote>\n<p style=\"text-align: justify;\"><span style=\"font-size: 14pt;\">\u201cAbordar el campo de problemas relativos al aprendizaje como expresion de dificultades en los procesos de simbolizaci\u00f3n de ni\u00f1os escolarizados contribuye a la prevenci\u00f3n del riesgo ps\u00edquico&nbsp; y social\u201d <em>(Schlemenson,2004)<\/em>.<\/span><\/p>\n<\/blockquote>\n<p style=\"text-align: justify;\"><span style=\"font-size: 14pt;\">La psicopedagog\u00eda es una disciplina asociada a la educaci\u00f3n formal y no formal, es la uni\u00f3n de la Psicolog\u00eda y la Educaci\u00f3n&nbsp; bajo un mismo prop\u00f3sito. Es un proceso del saber que estudia al sujeto a trav\u00e9s de la vida desde el dominio de las competencias de fundamentaci\u00f3n, intervenci\u00f3n&nbsp; e investigaci\u00f3n.<\/span><\/p>\n<p style=\"text-align: justify;\"><span style=\"font-size: 14pt;\">La psicopedagog\u00eda permite el estudio de un contexto sociocultural, pol\u00edtico y econ\u00f3mico en relaci\u00f3n con un sujeto en constante interacci\u00f3n con contenidos consecutivos a partir de los m\u00e9todos de intervenci\u00f3n y an\u00e1lisis en funci\u00f3n a los recursos humanos y f\u00edsicos que lo llevan a evaluar y evaluarse constantemente en sus procesos de aprendizaje.<\/span><\/p>\n<blockquote><p><span style=\"font-size: 14pt;\"><strong>&#8220;Somos tan diferentes como iguales, en un mundo lleno de diversidad, trabajando unidos por bien com\u00fan.&#8221;<\/strong><\/span><\/p><\/blockquote>\n<p style=\"text-align: justify;\"><img loading=\"lazy\" decoding=\"async\" class=\"alignleft wp-image-9620\" src=\"https:\/\/cani.com.co\/php\/wp-content\/uploads\/2021\/03\/Capa-5.png\" alt=\"\" width=\"334\" height=\"234\" srcset=\"https:\/\/cani.com.co\/php\/wp-content\/uploads\/2021\/03\/Capa-5.png 1187w, https:\/\/cani.com.co\/php\/wp-content\/uploads\/2021\/03\/Capa-5-300x211.png 300w, https:\/\/cani.com.co\/php\/wp-content\/uploads\/2021\/03\/Capa-5-1024x719.png 1024w, https:\/\/cani.com.co\/php\/wp-content\/uploads\/2021\/03\/Capa-5-1140x800.png 1140w, https:\/\/cani.com.co\/php\/wp-content\/uploads\/2021\/03\/Capa-5-768x539.png 768w, https:\/\/cani.com.co\/php\/wp-content\/uploads\/2021\/03\/Capa-5-555x389.png 555w, https:\/\/cani.com.co\/php\/wp-content\/uploads\/2021\/03\/Capa-5-360x253.png 360w, https:\/\/cani.com.co\/php\/wp-content\/uploads\/2021\/03\/Capa-5-262x184.png 262w\" sizes=\"(max-width: 334px) 100vw, 334px\" \/><span style=\"font-size: 14pt;\">Logrando llevar a cabo los procesos de aprendizaje del ser humano a partir de acciones como obtener un diagn\u00f3stico, realizar un plan de intervenci\u00f3n, evaluaci\u00f3n y llevar un seguimiento continuo de cada caso en particular, trabajados desde diversos enfoques<strong> (conductual, cognitivo, constructivista, sociocultural y humanista)&nbsp;<\/strong> bajo diferentes campos de acci\u00f3n<strong> (cl\u00ednico-hospitalario, laboral-organizacional, comunitario y escolar)<\/strong>. Dando respuesta a las demandas presentadas por las instituciones en relaci\u00f3n con las dificultades para el aprendizaje teniendo como objeto de estudio al sujeto en situaci\u00f3n para aprender focalizado en la constituci\u00f3n y construcci\u00f3n social.<\/span><\/p>\n<h3>Teniendo en cuenta las consideraciones anteriores:<\/h3>\n<blockquote>\n<p style=\"text-align: justify;\"><span style=\"font-size: 14pt;\">&#8220;Se puede comprender el proceso de orientaci\u00f3n Psicopedagog\u00edca como un proceso de ayuda y acompa\u00f1amiento continuo a todas las personas, en todos sus aspectos, con objeto de pontenciar la prevenci\u00f3n y el desarrollo humano a lo largo de toda la vida realizada mediante una intervenci\u00f3n profesionalizada, basada en principios cient\u00edficos y filos\u00f3ficos.&#8221; <strong><em>(Bisquerra, 2003).<\/em><\/strong><\/span><\/p>\n<\/blockquote>\n<p style=\"text-align: justify;\"><span style=\"font-size: 14pt;\">Concediendo as\u00ed la orientaci\u00f3n como una intervenci\u00f3n para lograr objetivos determinados enfocados preferentemente&nbsp; hacia la prevenci\u00f3n, el desarrollo humano y la intervenci\u00f3n social, enfocado hacia el desarrollo de la autonom\u00eda personal como una forma de educar para la vida.<\/span><\/p>\n<p style=\"text-align: justify;\"><span style=\"font-size: 14pt;\">Es por ello que desde el marco de orientaci\u00f3n psicopedag\u00f3gico, se puede establecer una intervenci\u00f3n basada en modelos de intervenci\u00f3n como:<\/span><\/p>\n<p style=\"text-align: justify;\"><span style=\"font-size: 14pt;\"><strong>Modelo cl\u00ednico (couseling):<\/strong> centrado en la atenci\u00f3n individualizada, donde la entrevista personal es la t\u00e9cnica caracter\u00edstica.<\/span><\/p>\n<p style=\"text-align: justify;\"><span style=\"font-size: 14pt;\"><strong>Modelo de programas:<\/strong> que se propone anticiparse a los problemas y cuya finalidad es la prevenci\u00f3n de los mismos y el desarrollo integral de la persona.<\/span><\/p>\n<p style=\"text-align: justify;\"><span style=\"font-size: 14pt;\"><strong>Modelo de consulta:<\/strong> que est\u00e1 basado en la asesor\u00eda a mediadores, para que sean estos quienes lleven a t\u00e9rmino programas de orientaci\u00f3n.<\/span><\/p>\n<h2><span style=\"color: #99cc00;\">En que consiste cada \u00e1rea de intervenci\u00f3n.<\/span><\/h2>\n<p style=\"text-align: justify;\"><span style=\"font-size: 14pt;\"><strong>Docencia: <\/strong>ense\u00f1ar o realizar acciones referentes a la ense\u00f1anza, impartiendo conocimientos con el objetivo de ense\u00f1ar de la mejor forma posible, aportando una serie de valores y de conocimientos para la trayectoria del educando.<\/span><\/p>\n<p style=\"text-align: justify;\"><span style=\"font-size: 14pt;\"><strong>Gesti\u00f3n Educativa: <\/strong>proceso orientado al fortalecimiento de los proyectos educativos de las instituciones, ayudando a mantener la autonom\u00eda institucional, en el marco de las pol\u00edticas p\u00fablicas y enriquecer los procesos pedag\u00f3gicos respondiendo a las necesidades educativas locales y regionales desde el trabajo en equipo, construyendo, dise\u00f1ando y evaluando el quehacer educativo cuyo objeto de estudio la organizaci\u00f3n del trabajo en el campo educativo.<\/span><\/p>\n<p style=\"text-align: justify;\"><span style=\"font-size: 14pt;\"><strong><img loading=\"lazy\" decoding=\"async\" class=\" wp-image-9621 alignright\" src=\"https:\/\/cani.com.co\/php\/wp-content\/uploads\/2021\/03\/Capa-91.png\" alt=\"\" width=\"359\" height=\"251\" srcset=\"https:\/\/cani.com.co\/php\/wp-content\/uploads\/2021\/03\/Capa-91.png 352w, https:\/\/cani.com.co\/php\/wp-content\/uploads\/2021\/03\/Capa-91-300x210.png 300w, https:\/\/cani.com.co\/php\/wp-content\/uploads\/2021\/03\/Capa-91-262x183.png 262w\" sizes=\"(max-width: 359px) 100vw, 359px\" \/>Capacitaci\u00f3n: <\/strong>proceso educativo organizado y continuo enfocado a la transmisi\u00f3n del conocimiento, actitudes y habilidades que permitan mejorar el desempe\u00f1o del sujeto en su \u00e1rea de trabajo (productividad, calidad, planeaci\u00f3n de recurso humano, salud y seguridad).<\/span><\/p>\n<p style=\"text-align: justify;\"><span style=\"font-size: 14pt;\"><strong>Intervenci\u00f3n psicopedag\u00f3gica: <\/strong>proceso laboral en el que se analiza la situaci\u00f3n del sujeto con dificultades de aprendizaje a fin de proporcionar orientaciones e instrumentos a los docentes, promoviendo alternativas para mejorar el rendimiento desde las asesor\u00edas psicol\u00f3gicas y el planteamiento de estrategias de ense\u00f1anza-aprendizaje.<\/span><\/p>\n<p style=\"text-align: justify;\"><span style=\"font-size: 14pt;\"><strong>Orientaci\u00f3n Educativa:<\/strong> proceso que se desarrolla aparte de 3 \u00e1mbitos de estudio: escolar, vocacional y familiar, convirti\u00e9ndose en un \u00e1rea transversal. Logrando favorecer el desarrollo coherente e integral de la persona, haci\u00e9ndolo consiente de su contexto, generando un aprendizaje significativo desde su personalidad, madurez y capacidad para la toma de decisiones y adaptaci\u00f3n al medio.<\/span><\/p>\n<p style=\"text-align: justify;\"><span style=\"font-size: 14pt;\"><strong>Psicopedagog\u00eda social:<\/strong> se trabaja en todas las etapas de la vida, tanto en la pr\u00e1ctica social como educativa formal y no formal, logrando fundamentar, justificar y comprender la normatividad m\u00e1s adecuada para la prevenci\u00f3n, ayuda y reinserci\u00f3n de quienes padecen a lo largo de su vida deficiencias en la socializaci\u00f3n o en la satisfacci\u00f3n de las necesidades b\u00e1sicas.<\/span><\/p>\n<p style=\"text-align: justify;\"><span style=\"font-size: 14pt;\"><strong>Dise\u00f1o, implementaci\u00f3n y evaluaci\u00f3n curricular: <\/strong>proceso encaminado en construir una conceptualizaci\u00f3n critico-positiva de curr\u00edculo, confrontando enfoques y modelos metodol\u00f3gicos de dise\u00f1o curricular&nbsp; con la realidad de la educaci\u00f3n y la sociedad en entornos contextualizados.<\/span><\/p>\n<blockquote>\n<p style=\"text-align: justify;\"><span style=\"font-size: 14pt;\">&#8220;Desde los diferentes campos de acci\u00f3n y \u00e1mbitos de intervenci\u00f3n, la orientaci\u00f3n psicopedag\u00f3gica invita a potencializar enfoques inclusivos que suponen una reivindicaci\u00f3n por la diferencia, caracter\u00edstica innata del ser humano, que proporciona aprendizajes sociales y personales de gran valor con una consideraci\u00f3n hacia la diversidad, respet\u00e1ndola como un recurso preciado, que ofrece la posibilidad de crecer y evolucionar de forma multidimensional&#8221;&nbsp; <em>(Stainback,1999).<\/em><\/span><\/p>\n<\/blockquote>\n<p style=\"text-align: justify;\"><span style=\"font-size: 14pt;\">Esta orientaci\u00f3n psicopedag\u00f3gica aboga por el trabajo cooperativo como herramienta que propicia la cohesi\u00f3n social y la c\u00e1lida educativa, introduciendo una estructura de aprendizaje cooperativa, destacado como la base para las relaciones sociales entre los equipos profesionales, las familias y la comunidad.<\/span><\/p>\n<h2><span style=\"color: #99cc00;\">Estrategias de intervenci\u00f3n.<\/span><\/h2>\n<ul>\n<li style=\"text-align: justify;\"><span style=\"font-size: 14pt;\"><strong>Coordinaci\u00f3n para la detecci\u00f3n temprana de las dificultades de aprendizaje:<\/strong> trabajar desde las diferentes \u00e1reas terap\u00e9uticas o escolares para la identificaci\u00f3n de todo tipo de dificultades cognitivas, f\u00edsicas, familiares o del entorno.<\/span><\/li>\n<li style=\"text-align: justify;\"><span style=\"font-size: 14pt;\"><strong>Atenci\u00f3n cl\u00ednico-<\/strong><strong>comportamental:<\/strong> asesorar e intervenir a las familias y usuarios en apoyo con los servicios por los cuales ingresan a los diferentes programas.<\/span><\/li>\n<li style=\"text-align: justify;\"><span style=\"font-size: 14pt;\"><strong>Estimulaci\u00f3n precoz:<\/strong> proceso que se puede dar de forma directa o indirecta que permite un rendimiento mayor durante los a\u00f1os de desarrollo escolar desde la intervenci\u00f3n temprana con un proceso de apoyo colaborativo entre instituci\u00f3n- familia, transmitiendo nociones b\u00e1sicas para la estimulaci\u00f3n en \u00e1reas motoras y cognitivas.<\/span><\/li>\n<li style=\"text-align: justify;\"><span style=\"font-size: 14pt;\"><strong>Escuelas de formaci\u00f3n para padres:<\/strong> basada en la formaci\u00f3n integral de los sujetos a partir de la intervenci\u00f3n sist\u00e9mica en cuanto a la formaci\u00f3n a padres quienes comparten con los profesionales la con responsabilidad para el desarrollo de las metas trazadas. Ayudando a compartir espacios y criterios pedag\u00f3gicos entre profesionales y familia.<\/span><\/li>\n<li style=\"text-align: justify;\"><span style=\"font-size: 14pt;\"><strong>Estimulaci\u00f3n de la motricidad fina y gruesa: <\/strong>es importante la estimulaci\u00f3n constante de los procesos motores b\u00e1sicos, teniendo en cuenta que las personas que tienen confianza en su propio cuerpo y en las capacidades de movimiento, suelen estar m\u00e1s seguros de s\u00ed mismos en otros espacios.<\/span><\/li>\n<li style=\"text-align: justify;\"><span style=\"font-size: 14pt;\"><strong>Estimulaci\u00f3n del lenguaje y el razonamiento verbal:<\/strong> proceso mediante el cual se determina la riqueza, comprensi\u00f3n y uso que el sujeto hace de s\u00ed mismo en funci\u00f3n al lenguaje, llev\u00e1ndolo a comprender y aprender vocabularios diversos que le posibiliten una comunicaci\u00f3n asertiva en diferentes contextos.<\/span><\/li>\n<li style=\"text-align: justify;\"><span style=\"font-size: 14pt;\"><strong>Modificaci\u00f3n de conducta:<\/strong> brindar asesor\u00eda a padres ante el mantenimiento consistente de pautas para el desarrollo de la crianza desde la intervenci\u00f3n segura y eficaz para el comportamiento de las personas.<\/span><\/li>\n<li style=\"text-align: justify;\"><span style=\"font-size: 14pt;\"><strong>Entrenamiento en habilidades sociales:<\/strong> proceso que permite educar en conductas correctas para instaurar relaciones sociales desde el respeto por el otro.<\/span><\/li>\n<li style=\"text-align: justify;\"><span style=\"font-size: 14pt;\"><strong>Educaci\u00f3n emocional:<\/strong> proceso complementario a la habilidades sociales, indispensable para una buena formaci\u00f3n integral, trabajando el reconocimiento de las emociones, autocontrol, automotivaci\u00f3n, autoestima, empat\u00eda, y asertividad.<\/span><\/li>\n<\/ul>\n<p>&nbsp;<\/p>\n<ul>\n<li style=\"text-align: justify;\"><span style=\"font-size: 8pt;\">Bibliograf\u00eda:<br \/>\n<\/span><span style=\"font-size: 8pt;\">Arnaiz, P. (2003). Educaci\u00f3n inclusiva: una escuela para todos. M\u00e1laga: edici\u00f3n Aljibe<\/span><\/li>\n<li><span style=\"font-size: 8pt;\">Bizquera,, R. (1995). Or\u00edgenes y desarrollo de la Orientaci\u00f3n Psicopedag\u00f3gica. Madrid<\/span><\/li>\n<li><span style=\"font-size: 8pt;\">Navarro, S., Gonz\u00e1lez, C., Tortosa, M. (2010). Modelo de Intervenci\u00f3n Psicopedag\u00f3gica desde una perspectiva sist\u00e9mica para reducir el fracaso escolar.<\/span><\/li>\n<li><span style=\"font-size: 8pt;\">Schlemeson, S. (2004). Subjetividad y lenguaje en la cl\u00ednica psicopedag\u00f3gica. Buenos Aires: Paidos.<\/span><\/li>\n<li><span style=\"font-size: 8pt;\">Stainback, S. &amp; Stainback, W. (1999). Aulas inclusivas. Madrid: Ediciones Morata.<\/span><\/li>\n<\/ul>\n<p><span style=\"font-size: 8pt;\">Elaborado por:<\/span><br \/>\n<span style=\"font-size: 8pt;\">Sandra Mar\u00eda Echeverri Palacio<\/span><br \/>\n<span style=\"font-size: 8pt;\">Lic. En Educaci\u00f3n Especial<\/span><br \/>\n<span style=\"font-size: 8pt;\">Mag\u00edster en Psicopedagog\u00eda<\/span><\/p>\n<p>&nbsp;<\/p>\n","protected":false},"excerpt":{"rendered":"<p>Vivimos en una \u00e9poca donde adem\u00e1s de marcar hechos importantes en el contexto educativo, trabajamos por la universalizaci\u00f3n de la ense\u00f1anza desde procesos comunitarios transversales. Funci\u00f3n del Psicopedagogo en los procesos de Rehabilitaci\u00f3n El psicopedagogo en los procesos de Rehabilitaci\u00f3n Integral, se configura como un especialista interno o externo al centro de formaci\u00f3n, cuya labor [&hellip;]<\/p>\n","protected":false},"author":2,"featured_media":9626,"comment_status":"open","ping_status":"open","sticky":false,"template":"","format":"standard","meta":{"_et_pb_use_builder":"","_et_pb_old_content":"","_et_gb_content_width":"","ngg_post_thumbnail":0,"footnotes":""},"categories":[81,77],"tags":[],"class_list":["post-9607","post","type-post","status-publish","format-standard","has-post-thumbnail","hentry","category-articulos-de-interes","category-novedades-cani"],"_links":{"self":[{"href":"https:\/\/cani.com.co\/php\/wp-json\/wp\/v2\/posts\/9607","targetHints":{"allow":["GET"]}}],"collection":[{"href":"https:\/\/cani.com.co\/php\/wp-json\/wp\/v2\/posts"}],"about":[{"href":"https:\/\/cani.com.co\/php\/wp-json\/wp\/v2\/types\/post"}],"author":[{"embeddable":true,"href":"https:\/\/cani.com.co\/php\/wp-json\/wp\/v2\/users\/2"}],"replies":[{"embeddable":true,"href":"https:\/\/cani.com.co\/php\/wp-json\/wp\/v2\/comments?post=9607"}],"version-history":[{"count":11,"href":"https:\/\/cani.com.co\/php\/wp-json\/wp\/v2\/posts\/9607\/revisions"}],"predecessor-version":[{"id":9625,"href":"https:\/\/cani.com.co\/php\/wp-json\/wp\/v2\/posts\/9607\/revisions\/9625"}],"wp:featuredmedia":[{"embeddable":true,"href":"https:\/\/cani.com.co\/php\/wp-json\/wp\/v2\/media\/9626"}],"wp:attachment":[{"href":"https:\/\/cani.com.co\/php\/wp-json\/wp\/v2\/media?parent=9607"}],"wp:term":[{"taxonomy":"category","embeddable":true,"href":"https:\/\/cani.com.co\/php\/wp-json\/wp\/v2\/categories?post=9607"},{"taxonomy":"post_tag","embeddable":true,"href":"https:\/\/cani.com.co\/php\/wp-json\/wp\/v2\/tags?post=9607"}],"curies":[{"name":"wp","href":"https:\/\/api.w.org\/{rel}","templated":true}]}}