{"id":9580,"date":"2021-02-22T11:00:48","date_gmt":"2021-02-22T11:00:48","guid":{"rendered":"https:\/\/cani.com.co\/php\/?p=9580"},"modified":"2021-03-17T13:57:17","modified_gmt":"2021-03-17T13:57:17","slug":"la-clasificacion-internacional-del-funcionamiento-de-la-discapacidad-y-de-la-salud","status":"publish","type":"post","link":"https:\/\/cani.com.co\/php\/la-clasificacion-internacional-del-funcionamiento-de-la-discapacidad-y-de-la-salud\/","title":{"rendered":"La clasificaci\u00f3n internacional del funcionamiento, de la discapacidad y de la salud."},"content":{"rendered":"<h2 style=\"text-align: justify;\"><span style=\"color: #003366;\">La clasificaci\u00f3n internacional del funcionamiento de la discapacidad y de la salud (CIF) tiene como finalidad brindar un lenguaje estandarizado y ver\u00eddico a nivel mundial, con el fin de entender el funcionamiento del individuo y la discapacidad como criterios relevantes en el \u00e1rea de la salud.<\/span><\/h2>\n<p style=\"text-align: justify;\"><span style=\"font-size: 14pt;\">El \u00e1rea de la salud abarca muchas profesiones con sus respectivas especializaciones, esto es debido a la complejidad del cuerpo humano, ya que cada parte que lo conforma hace que el ser humano sea alguien funcional, con capacidades de desenvolverse en el entorno. Por esta raz\u00f3n es de suma importancia que todos los integrantes del \u00e1rea de la salud tengan conocimiento de la CIF, para poder tener un orden y que todos hablen en un mismo idioma.<\/span><\/p>\n<p style=\"text-align: justify;\"><span style=\"font-size: 14pt;\">La CIF pretende que el funcionamiento y la discapacidad sean tomados como consecuencia de la relaci\u00f3n entre la condici\u00f3n de salud de cada individuo con su entorno f\u00edsico y social. Abarcando todas las estructuras o partes anat\u00f3micas como \u00f3rganos y extremidades y las funciones corporales incluyendo las psicol\u00f3gicas, refiri\u00e9ndonos al organismo humano como un todo. Una vez tenemos identificada esta parte, pasamos a analizar las actividades que realiza la persona y que limitaci\u00f3n hay en ellas, si las puede ejecutar sin dificultad o con limitaciones que abarcan desde leve hasta grave en t\u00e9rminos de calidad, esto representa la perspectiva del individuo respecto al funcionamiento. Por \u00faltimo, observamos cu\u00e1l es la participaci\u00f3n a nivel social y familiar de la persona, considerando los problemas que pueda tener para desenvolverse en situaciones vitales como desempe\u00f1arse en un empleo.<\/span><\/p>\n<p style=\"text-align: justify;\"><img loading=\"lazy\" decoding=\"async\" class=\"alignleft wp-image-9582\" src=\"https:\/\/cani.com.co\/php\/wp-content\/uploads\/2021\/02\/reporte-de-caso-clnico-paciente-con-sndrome-de-edwards.jpg\" alt=\"\" width=\"438\" height=\"329\" srcset=\"https:\/\/cani.com.co\/php\/wp-content\/uploads\/2021\/02\/reporte-de-caso-clnico-paciente-con-sndrome-de-edwards.jpg 638w, https:\/\/cani.com.co\/php\/wp-content\/uploads\/2021\/02\/reporte-de-caso-clnico-paciente-con-sndrome-de-edwards-300x225.jpg 300w, https:\/\/cani.com.co\/php\/wp-content\/uploads\/2021\/02\/reporte-de-caso-clnico-paciente-con-sndrome-de-edwards-555x417.jpg 555w, https:\/\/cani.com.co\/php\/wp-content\/uploads\/2021\/02\/reporte-de-caso-clnico-paciente-con-sndrome-de-edwards-360x270.jpg 360w, https:\/\/cani.com.co\/php\/wp-content\/uploads\/2021\/02\/reporte-de-caso-clnico-paciente-con-sndrome-de-edwards-262x197.jpg 262w\" sizes=\"(max-width: 438px) 100vw, 438px\" \/><span style=\"font-size: 14pt;\">La CIF adem\u00e1s abarca una serie de conceptos que son fundamentales para el individuo, tales como, bienestar que incluye los aspectos f\u00edsicos, mentales y sociales, entendiendo estos como una buena calidad de vida, ya que permiten que el individuo est\u00e9 en la capacidad de habla, de recordar, de ver e interactuar con los dem\u00e1s. Incluye tambi\u00e9n los factores personales como la edad, el sexo, el nivel social y tambi\u00e9n los factores ambientales, que es el componente que refleja los aspectos externos que forman el contexto de la persona y como el entorno facilita o limita la participaci\u00f3n de la persona en la comunidad.<\/span><\/p>\n<p style=\"text-align: justify;\"><span style=\"font-size: 14pt;\">Otro de los conceptos relevantes que aporta la CIF es la condici\u00f3n de salud, en este se encuentra la enfermedad cr\u00f3nica-aguda, traumatismos, lesiones; de esta manera la condici\u00f3n de salud de cada individuo se ve alterada cuando aparece el dolor, sufrimiento o presenta limitaci\u00f3n para realizar las actividades b\u00e1sicas cotidianas como lo son el aseo personal, la alimentaci\u00f3n o el uso del ba\u00f1o.<\/span><\/p>\n<h2><span style=\"color: #003366;\">La aplicaci\u00f3n de la CIF tiene como objetivo:<\/span><\/h2>\n<ul>\n<li style=\"text-align: justify;\"><span style=\"font-size: 14pt;\">Proporcionar una base cient\u00edfica para la comprensi\u00f3n y el estudio de la salud y los estados relacionados con ella, los resultados y los determinantes.<\/span><\/li>\n<li style=\"text-align: justify;\"><span style=\"font-size: 14pt;\">Establecer un lenguaje com\u00fan para describir la salud y los estados relacionados.<\/span><\/li>\n<li style=\"text-align: justify;\"><span style=\"font-size: 14pt;\">Permitir la comparaci\u00f3n de datos poblacionales.<\/span><\/li>\n<li style=\"text-align: justify;\"><span style=\"font-size: 14pt;\">Proporcionar un esquema de codificaci\u00f3n sistematizado para ser aplicado en los sistemas de informaci\u00f3n sanitaria.<\/span><\/li>\n<\/ul>\n<h2 style=\"text-align: justify;\"><span style=\"color: #003366;\">Dentro del manejo sistem\u00e1tico brindado por la CIF, algunos de sus usos en los diferentes campos aplicables son:<\/span><\/h2>\n<p>&nbsp;<\/p>\n<ul>\n<li style=\"text-align: justify;\"><span style=\"font-size: 14pt;\"><span style=\"color: #003366;\"><strong>Estad\u00edstica<\/strong> \u2013<\/span> encuestas y estudios de poblaci\u00f3n o en sistemas de manejo de informaci\u00f3n.<\/span><\/li>\n<li style=\"text-align: justify;\"><span style=\"font-size: 14pt;\"><span style=\"color: #003366;\"><strong>Investigaci\u00f3n<\/strong> \u2013<\/span> para medir resultados, calidad de vida o factores ambientales.<\/span><\/li>\n<li style=\"text-align: justify;\"><span style=\"font-size: 14pt;\"><span style=\"color: #003366;\"><strong>Cl\u00ednica<\/strong> \u2013<\/span> en la valoraci\u00f3n de necesidades, para homogeneizar tratamientos con condiciones espec\u00edficas de salud, en la rehabilitaci\u00f3n de los pacientes y en la evaluaci\u00f3n de resultados.<\/span><\/li>\n<li style=\"text-align: justify;\"><span style=\"font-size: 14pt;\"><span style=\"color: #003366;\"><strong>Pol\u00edtica social<\/strong> \u2013<\/span> en la planificaci\u00f3n de sistemas de seguridad social, sistemas de compensaci\u00f3n, y para dise\u00f1ar e implementar pol\u00edticas.<\/span><\/li>\n<li style=\"text-align: justify;\"><span style=\"font-size: 14pt;\"><span style=\"color: #003366;\"><strong>Educaci\u00f3n<\/strong> \u2013<\/span> para dise\u00f1o del \u201ccurr\u00edculum\u201d, y para aumentar la toma de conciencia de la sociedad y para poner en marcha actividades sociales.<\/span><\/li>\n<\/ul>\n<p style=\"text-align: justify;\"><span style=\"font-size: 14pt;\">El uso de la CIF ha modificado la forma como entendemos la discapacidad y la enfermedad, pues nos da a entender que una persona enferma no es necesariamente discapacitada o que una persona con discapacidad no es alguien enfermo. Ha permitido tambi\u00e9n establecer criterios para atender la calidad de vida, el estado de salud o el bienestar de un individuo en relaci\u00f3n con su estilo de vida. Un instrumento no solo en el proceso de rehabilitaci\u00f3n, sino tambi\u00e9n en el \u00e1mbito cient\u00edfico, social, cultural y pol\u00edtico.<\/span><\/p>\n<p>&nbsp;<\/p>\n<ul>\n<li><span style=\"font-size: 8pt;\"><strong>ORGANIZACI\u00d3N MUNDIAL DE LA SALUD, (2001). La clasificaci\u00f3n internacional del funcionamiento, de la discapacidad y de la salud. (Versi\u00f3n abreviada)<\/strong><\/span><\/li>\n<li><span style=\"font-size: 8pt;\"><a href=\"https:\/\/apps.who.int\/iris\/bitstream\/handle\/10665\/43360\/9241545445_spa.pdf;jsessionid=BC7CC78C50B49DF97329285E999C2DB2?sequence=1\">https:\/\/apps.who.int\/iris\/bitstream\/handle\/10665\/43360\/9241545445_spa.pdf;jsessionid=BC7CC78C50B49DF97329285E999C2DB2?sequence=1<\/a><\/span><\/li>\n<\/ul>\n<p>&nbsp;<\/p>\n<p style=\"text-align: justify;\">&nbsp;<\/p>\n<p>&nbsp;<\/p>\n","protected":false},"excerpt":{"rendered":"<p>La clasificaci\u00f3n internacional del funcionamiento de la discapacidad y de la salud (CIF) tiene como finalidad brindar un lenguaje estandarizado y ver\u00eddico a nivel mundial, con el fin de entender el funcionamiento del individuo y la discapacidad como criterios relevantes en el \u00e1rea de la salud. El \u00e1rea de la salud abarca muchas profesiones con [&hellip;]<\/p>\n","protected":false},"author":2,"featured_media":9591,"comment_status":"open","ping_status":"open","sticky":false,"template":"","format":"standard","meta":{"_et_pb_use_builder":"","_et_pb_old_content":"","_et_gb_content_width":"","ngg_post_thumbnail":0,"footnotes":""},"categories":[81,77],"tags":[126,136,238,237,239,84,86],"class_list":["post-9580","post","type-post","status-publish","format-standard","has-post-thumbnail","hentry","category-articulos-de-interes","category-novedades-cani","tag-neurologia","tag-rehabilitacion","tag-aplicacion-de-la-cif","tag-cif","tag-clasificacion-internacional-de-la-discapacidad","tag-fisioterapia","tag-fonoaudiologia"],"_links":{"self":[{"href":"https:\/\/cani.com.co\/php\/wp-json\/wp\/v2\/posts\/9580","targetHints":{"allow":["GET"]}}],"collection":[{"href":"https:\/\/cani.com.co\/php\/wp-json\/wp\/v2\/posts"}],"about":[{"href":"https:\/\/cani.com.co\/php\/wp-json\/wp\/v2\/types\/post"}],"author":[{"embeddable":true,"href":"https:\/\/cani.com.co\/php\/wp-json\/wp\/v2\/users\/2"}],"replies":[{"embeddable":true,"href":"https:\/\/cani.com.co\/php\/wp-json\/wp\/v2\/comments?post=9580"}],"version-history":[{"count":13,"href":"https:\/\/cani.com.co\/php\/wp-json\/wp\/v2\/posts\/9580\/revisions"}],"predecessor-version":[{"id":9605,"href":"https:\/\/cani.com.co\/php\/wp-json\/wp\/v2\/posts\/9580\/revisions\/9605"}],"wp:featuredmedia":[{"embeddable":true,"href":"https:\/\/cani.com.co\/php\/wp-json\/wp\/v2\/media\/9591"}],"wp:attachment":[{"href":"https:\/\/cani.com.co\/php\/wp-json\/wp\/v2\/media?parent=9580"}],"wp:term":[{"taxonomy":"category","embeddable":true,"href":"https:\/\/cani.com.co\/php\/wp-json\/wp\/v2\/categories?post=9580"},{"taxonomy":"post_tag","embeddable":true,"href":"https:\/\/cani.com.co\/php\/wp-json\/wp\/v2\/tags?post=9580"}],"curies":[{"name":"wp","href":"https:\/\/api.w.org\/{rel}","templated":true}]}}