{"id":9466,"date":"2020-11-23T12:00:52","date_gmt":"2020-11-23T12:00:52","guid":{"rendered":"https:\/\/cani.com.co\/php\/?p=9466"},"modified":"2020-11-26T15:04:43","modified_gmt":"2020-11-26T15:04:43","slug":"estimulando-al-adulto-mayor-con-demencia-en-tiempos-de-coronavirus","status":"publish","type":"post","link":"https:\/\/cani.com.co\/php\/estimulando-al-adulto-mayor-con-demencia-en-tiempos-de-coronavirus\/","title":{"rendered":"Estimulando al adulto mayor con demencia en tiempos de coronavirus."},"content":{"rendered":"<p style=\"text-align: justify;\"><span style=\"font-size: 14pt;\">Si bien, la situaci\u00f3n actual de contingencia que seguimos enfrentamos a causa del coronavirus COVID-19, contin\u00faa siendo una emergencia de salud p\u00fablica a nivel mundial, nuestro compromiso desde el CENTRO DE ATENCI\u00d3N NEUROL\u00d3GICA INTEGRAL permanece, acompa\u00f1\u00e1ndolos y brind\u00e1ndoles informaci\u00f3n a los cuidadores de adultos mayores con demencia, y en este caso la pregunta es:<\/span><\/p>\n<h2><span style=\"color: #33cccc;\"><strong>\u00bfHay actividades que podemos realizar con ellos?<\/strong><\/span><\/h2>\n<p><span style=\"color: #000000;\"><img loading=\"lazy\" decoding=\"async\" class=\"alignleft wp-image-9468 \" src=\"https:\/\/cani.com.co\/php\/wp-content\/uploads\/2020\/11\/CLARO-QUE-SI.png\" alt=\"\" width=\"116\" height=\"153\"><\/span><\/p>\n<p style=\"text-align: justify;\"><span style=\"font-size: 14pt;\">Ciertamente redise\u00f1arnos es la meta, pero se dar\u00e1n cuenta de que es solo a\u00f1adir o\/y modificar unas cuantas actividades, porque el camino que ustedes ya estaban transitando al lado de su adulto mayor con demencia los hab\u00eda retado desde un principio a hacer las cosas de una manera distinta, casi que cada d\u00eda era diferente y ven\u00edan estimulando su creatividad para afrontar cada conducta nueva que mostraba su familiar o persona que estaban cuidando. De ah\u00ed que, ustedes cuidadores, ya son experto en como redise\u00f1arse cada d\u00eda, y esta nueva situaci\u00f3n que est\u00e1n enfrentando no es la excepci\u00f3n.<\/span><\/p>\n<p style=\"text-align: justify;\"><span style=\"font-size: 14pt;\">Sin embargo, compartiremos con ustedes algunas pautas generales las cuales recuerden que vamos a adaptar a cada adulto mayor seg\u00fan sus condiciones espec\u00edficas, particularidades o gustos. Algunas de ellas incluso han sido compartidas a trav\u00e9s de boletines de prensa por el ministerio de salud y protecci\u00f3n social.<\/span><\/p>\n<ul>\n<li style=\"text-align: justify;\"><span style=\"font-size: 14pt;\"><img loading=\"lazy\" decoding=\"async\" class=\"alignright wp-image-9470 \" src=\"https:\/\/cani.com.co\/php\/wp-content\/uploads\/2020\/11\/RUTINAS-DIARIAS.png\" alt=\"\" width=\"361\" height=\"251\" srcset=\"https:\/\/cani.com.co\/php\/wp-content\/uploads\/2020\/11\/RUTINAS-DIARIAS.png 505w, https:\/\/cani.com.co\/php\/wp-content\/uploads\/2020\/11\/RUTINAS-DIARIAS-300x209.png 300w, https:\/\/cani.com.co\/php\/wp-content\/uploads\/2020\/11\/RUTINAS-DIARIAS-360x250.png 360w, https:\/\/cani.com.co\/php\/wp-content\/uploads\/2020\/11\/RUTINAS-DIARIAS-262x182.png 262w\" sizes=\"(max-width: 361px) 100vw, 361px\" \/>Una de ellas, es lograr mantener las rutinas diarias, te ser\u00e1 de utilidad elaborar un horario el cual puedes plasmar en un papel u otro material que te permita colocarlo en un lugar visible para todos los miembros de la familia o en un lugar pr\u00e1ctico que te permita tenerlo a la mano.<\/span><\/li>\n<li style=\"text-align: justify;\"><span style=\"font-size: 14pt;\"><strong><em>Recuerda: <\/em><\/strong><em>\u201c<\/em>Tener un horario no significa que sea una imposici\u00f3n- solo es un apoyo- y posiblemente alg\u00fan d\u00eda implicar\u00e1 cambios en la rutina\u201d<\/span><\/li>\n<li>\n<p style=\"text-align: justify;\"><span style=\"font-size: 14pt;\">Disponer de calendario y relojes en lugares visibles y de f\u00e1cil acceso.<\/span><\/p>\n<\/li>\n<li style=\"text-align: justify;\"><span style=\"font-size: 14pt;\">Promover la actividad y pausas activas durante el d\u00eda.<br \/>\n<\/span><\/li>\n<li><span style=\"font-size: 14pt;\">Incluir en el horario espacios para realizar diferentes actividades, entre ellas podemos sugerirte:<\/span><\/li>\n<\/ul>\n<p><img loading=\"lazy\" decoding=\"async\" class=\" wp-image-9473 aligncenter\" src=\"https:\/\/cani.com.co\/php\/wp-content\/uploads\/2020\/11\/JPG_ART\u00cdCULO.jpg\" alt=\"\" width=\"753\" height=\"503\" srcset=\"https:\/\/cani.com.co\/php\/wp-content\/uploads\/2020\/11\/JPG_ART\u00cdCULO.jpg 1583w, https:\/\/cani.com.co\/php\/wp-content\/uploads\/2020\/11\/JPG_ART\u00cdCULO-300x200.jpg 300w, https:\/\/cani.com.co\/php\/wp-content\/uploads\/2020\/11\/JPG_ART\u00cdCULO-1024x683.jpg 1024w, https:\/\/cani.com.co\/php\/wp-content\/uploads\/2020\/11\/JPG_ART\u00cdCULO-768x512.jpg 768w, https:\/\/cani.com.co\/php\/wp-content\/uploads\/2020\/11\/JPG_ART\u00cdCULO-1536x1025.jpg 1536w, https:\/\/cani.com.co\/php\/wp-content\/uploads\/2020\/11\/JPG_ART\u00cdCULO-1140x760.jpg 1140w, https:\/\/cani.com.co\/php\/wp-content\/uploads\/2020\/11\/JPG_ART\u00cdCULO-555x370.jpg 555w, https:\/\/cani.com.co\/php\/wp-content\/uploads\/2020\/11\/JPG_ART\u00cdCULO-360x240.jpg 360w, https:\/\/cani.com.co\/php\/wp-content\/uploads\/2020\/11\/JPG_ART\u00cdCULO-262x175.jpg 262w\" sizes=\"(max-width: 753px) 100vw, 753px\" \/><\/p>\n<p style=\"text-align: justify;\"><span style=\"font-size: 14pt;\">Recuerda que cuentas con nosotros y estamos convencidos de que &#8220;&#8230; Al camino que recorren los cuidadores algunos lo llamaran batalla y desaf\u00edo, yo prefiero nombrarlo, una nueva aventura que inicia al despertar cada d\u00eda, cargada de incertidumbre, desilusi\u00f3n, asombro, inquietud, compasi\u00f3n pero sobre todo &#8230; De altas dosis de amor.&#8221;<\/span><\/p>\n<ul>\n<li><strong>AP. \u00c1ngela Pareja<\/strong><\/li>\n<\/ul>\n<p>Elaborado por:<br \/>\n<em><strong>\u00c1ngela Mar\u00eda Pareja Galvis<\/strong><br \/>\n<\/em><em>Mg. Neuropsicolog\u00eda Cl\u00ednica<br \/>\n<\/em><em>Psic\u00f3loga<\/em><\/p>\n<p>&nbsp;<\/p>\n","protected":false},"excerpt":{"rendered":"<p>Si bien, la situaci\u00f3n actual de contingencia que seguimos enfrentamos a causa del coronavirus COVID-19, contin\u00faa siendo una emergencia de salud p\u00fablica a nivel mundial, nuestro compromiso desde el CENTRO DE ATENCI\u00d3N NEUROL\u00d3GICA INTEGRAL permanece, acompa\u00f1\u00e1ndolos y brind\u00e1ndoles informaci\u00f3n a los cuidadores de adultos mayores con demencia, y en este caso la pregunta es: \u00bfHay [&hellip;]<\/p>\n","protected":false},"author":2,"featured_media":9474,"comment_status":"open","ping_status":"open","sticky":false,"template":"","format":"standard","meta":{"_et_pb_use_builder":"","_et_pb_old_content":"","_et_gb_content_width":"","ngg_post_thumbnail":0,"footnotes":""},"categories":[81,77],"tags":[126,122,132,103,202,219,166,206],"class_list":["post-9466","post","type-post","status-publish","format-standard","has-post-thumbnail","hentry","category-articulos-de-interes","category-novedades-cani","tag-neurologia","tag-neuropsicologia","tag-psicologia","tag-actividades-de-la-vida-diaria","tag-adulto-mayor","tag-cuidadores","tag-salud","tag-salud-mental"],"_links":{"self":[{"href":"https:\/\/cani.com.co\/php\/wp-json\/wp\/v2\/posts\/9466","targetHints":{"allow":["GET"]}}],"collection":[{"href":"https:\/\/cani.com.co\/php\/wp-json\/wp\/v2\/posts"}],"about":[{"href":"https:\/\/cani.com.co\/php\/wp-json\/wp\/v2\/types\/post"}],"author":[{"embeddable":true,"href":"https:\/\/cani.com.co\/php\/wp-json\/wp\/v2\/users\/2"}],"replies":[{"embeddable":true,"href":"https:\/\/cani.com.co\/php\/wp-json\/wp\/v2\/comments?post=9466"}],"version-history":[{"count":6,"href":"https:\/\/cani.com.co\/php\/wp-json\/wp\/v2\/posts\/9466\/revisions"}],"predecessor-version":[{"id":9477,"href":"https:\/\/cani.com.co\/php\/wp-json\/wp\/v2\/posts\/9466\/revisions\/9477"}],"wp:featuredmedia":[{"embeddable":true,"href":"https:\/\/cani.com.co\/php\/wp-json\/wp\/v2\/media\/9474"}],"wp:attachment":[{"href":"https:\/\/cani.com.co\/php\/wp-json\/wp\/v2\/media?parent=9466"}],"wp:term":[{"taxonomy":"category","embeddable":true,"href":"https:\/\/cani.com.co\/php\/wp-json\/wp\/v2\/categories?post=9466"},{"taxonomy":"post_tag","embeddable":true,"href":"https:\/\/cani.com.co\/php\/wp-json\/wp\/v2\/tags?post=9466"}],"curies":[{"name":"wp","href":"https:\/\/api.w.org\/{rel}","templated":true}]}}