{"id":9338,"date":"2020-08-17T14:00:53","date_gmt":"2020-08-17T14:00:53","guid":{"rendered":"https:\/\/cani.com.co\/php\/?p=9338"},"modified":"2020-08-20T17:56:27","modified_gmt":"2020-08-20T17:56:27","slug":"la-vitamina-d-y-la-prevencion-de-infecciones-respiratorias","status":"publish","type":"post","link":"https:\/\/cani.com.co\/php\/la-vitamina-d-y-la-prevencion-de-infecciones-respiratorias\/","title":{"rendered":"LA VITAMINA D Y LA PREVENCI\u00d3N DE INFECCIONES RESPIRATORIAS"},"content":{"rendered":"<p><img loading=\"lazy\" decoding=\"async\" class=\"alignleft wp-image-9339 \" style=\"text-align: justify;\" src=\"https:\/\/cani.com.co\/php\/wp-content\/uploads\/2020\/08\/JPG_1.png\" alt=\"\" width=\"295\" height=\"261\" srcset=\"https:\/\/cani.com.co\/php\/wp-content\/uploads\/2020\/08\/JPG_1.png 486w, https:\/\/cani.com.co\/php\/wp-content\/uploads\/2020\/08\/JPG_1-300x265.png 300w, https:\/\/cani.com.co\/php\/wp-content\/uploads\/2020\/08\/JPG_1-360x319.png 360w, https:\/\/cani.com.co\/php\/wp-content\/uploads\/2020\/08\/JPG_1-262x232.png 262w\" sizes=\"(max-width: 295px) 100vw, 295px\" \/><\/p>\n<p style=\"text-align: justify;\">&nbsp;<\/p>\n<p style=\"text-align: justify;\">Las infecciones del aparato respiratorio son afecciones que afectan a las v\u00edas respiratorias. Entre ellas se encuentran las infecciones agudas que afectan a las v\u00edas respiratorias inferiores y los pulmones, como la neumon\u00eda y la gripe, que figuran entre las principales causas de morbilidad y mortalidad a nivel mundial. Los estudios de observaci\u00f3n informan asociaciones independientes consistentes entre las bajas concentraciones s\u00e9ricas de 25-hidroxivitamina D (el principal metabolito circulante de la vitamina D) y susceptibilidad a la infecci\u00f3n aguda del tracto respiratorio.<\/p>\n<p style=\"text-align: justify;\">La 25-hidroxivitamina D apoya la inducci\u00f3n de p\u00e9ptidos antimicrobianos en respuesta a est\u00edmulos virales y bacterianos, sugiriendo un mecanismo potencial por el cual la vitamina D podr\u00eda ofrecer&nbsp;<span style=\"text-align: justify;\">protecci\u00f3n contra pat\u00f3genos respiratorios. Aunque no se puede afirmar que la vitamina D previene el <\/span><strong style=\"text-align: justify;\">Covid-19<\/strong><span style=\"text-align: justify;\">, s\u00ed es cierto que esta sustancia esencial en los niveles adecuados, tiene much\u00edsimas propiedades beneficiosas para el organismo. Entre ellas, el refuerzo del sistema inmunitario, logrando que los gl\u00f3bulos blancos maduren antes, de ah\u00ed que sea muy beneficiosa para los procesos infecciosos por hongos, virus o bacterias.<\/span><\/p>\n<p><strong>\u00bfD\u00f3nde se encuentra la vitamina D?<\/strong><\/p>\n<p style=\"text-align: justify;\">Dado que la vitamina D necesita de la radiaci\u00f3n ultravioleta del <strong>sol<\/strong> para su activaci\u00f3n, lo primero que se recomienda es la exposici\u00f3n a la luz solar durante aproximadamente 20 minutos diarios y, si no es posible al aire libre, al menos, estar cerca de una ventana sin protecci\u00f3n solar (su uso disminuye la protecci\u00f3n de vitamina D).<\/p>\n<p style=\"text-align: justify;\">Para mantener unos \u201cniveles adecuados podemos ingerir <strong>alimentos<\/strong> que sean ricos en vitamina D como pueden ser los huevos, los l\u00e1cteos, el aguacate, el pescado azul (fundamentalmente salm\u00f3n, caballa, at\u00fan y sardinas), los hongos y las setas como los champi\u00f1ones, pero sin sobrepasar las cantidades recomendadas para no<strong>&nbsp;producir otros problemas para la salud,<\/strong> especialmente en personas con obesidad.&nbsp; La vitamina D es una vitamina liposoluble, es decir, que se disuelve en grasas, y lo mismo que otras vitaminas como la A, E y K.<\/p>\n<p style=\"text-align: justify;\">Esto las hace t\u00f3xicas cuando se toman en exceso porque no se eliminan por la orina como lo hacen el resto de vitaminas que son hidrosolubles. Por eso un exceso de <img loading=\"lazy\" decoding=\"async\" class=\"alignright wp-image-9340 \" src=\"https:\/\/cani.com.co\/php\/wp-content\/uploads\/2020\/08\/JPG_2.png\" alt=\"\" width=\"533\" height=\"240\" srcset=\"https:\/\/cani.com.co\/php\/wp-content\/uploads\/2020\/08\/JPG_2.png 549w, https:\/\/cani.com.co\/php\/wp-content\/uploads\/2020\/08\/JPG_2-300x135.png 300w, https:\/\/cani.com.co\/php\/wp-content\/uploads\/2020\/08\/JPG_2-360x162.png 360w, https:\/\/cani.com.co\/php\/wp-content\/uploads\/2020\/08\/JPG_2-262x118.png 262w\" sizes=\"(max-width: 533px) 100vw, 533px\" \/>vitamina C no suele producir complicaciones, mientras que uno de vitamina D, s\u00ed.<\/p>\n<p style=\"text-align: justify;\">\u201cComo suele ser habitual en la ciencia m\u00e9dica no hay estudios completamente concluyentes, y estos suelen terminar en \u2018hacen falta m\u00e1s estudios\u2019 para plantear una dosis m\u00e1s alta de vitamina D que la recomendada. Pero, una cosa s\u00ed es cierta, y es que los casos de deficiencia de vitamina D tienen m\u00e1s predisposici\u00f3n a las <strong>infecciones respiratorias<\/strong>\u201d<\/p>\n<p style=\"text-align: justify;\">Con todo ello, y para evitar la entrada de virus y bacterias en el organismo, m\u00e1s en estos d\u00edas de pandemia por COVID-19, <strong>el cuerpo cuenta con un sistema defensivo que hay que entrenar con una buena alimentaci\u00f3n<\/strong>, que tambi\u00e9n puede lograrse gracias a otros componentes alimenticios como los probi\u00f3ticos, la vitamina C, el zinc, y el selenio.<\/p>\n<p style=\"text-align: justify;\">La vitamina D, el zinc, y el selenio est\u00e1n en gran cantidad en los huevos, por lo que es un alimento fundamental frente a las infecciones.<\/p>\n<p><span style=\"font-size: 10pt;\"><strong>Fuentes tomadas para esta informaci\u00f3n:<\/strong><\/span><br \/>\n<span style=\"font-size: 10pt;\">https:\/\/www.efesalud.com\/vitamina-d-confinamiento-salud-prevencion\/https:\/\/www.intramed.net\/contenidover.asp?contenidoid=95900https:\/\/neolifeclinic.com\/blog\/revision-bibliografica-los-suplementos-de-vitamina-d-ayudan-a-prevenir-las-infecciones-respiratorias\/<\/span><\/p>\n","protected":false},"excerpt":{"rendered":"<p>&nbsp; Las infecciones del aparato respiratorio son afecciones que afectan a las v\u00edas respiratorias. Entre ellas se encuentran las infecciones agudas que afectan a las v\u00edas respiratorias inferiores y los pulmones, como la neumon\u00eda y la gripe, que figuran entre las principales causas de morbilidad y mortalidad a nivel mundial. Los estudios de observaci\u00f3n informan [&hellip;]<\/p>\n","protected":false},"author":2,"featured_media":9341,"comment_status":"open","ping_status":"open","sticky":false,"template":"","format":"standard","meta":{"_et_pb_use_builder":"","_et_pb_old_content":"","_et_gb_content_width":"","ngg_post_thumbnail":0,"footnotes":""},"categories":[81,77],"tags":[],"class_list":["post-9338","post","type-post","status-publish","format-standard","has-post-thumbnail","hentry","category-articulos-de-interes","category-novedades-cani"],"_links":{"self":[{"href":"https:\/\/cani.com.co\/php\/wp-json\/wp\/v2\/posts\/9338","targetHints":{"allow":["GET"]}}],"collection":[{"href":"https:\/\/cani.com.co\/php\/wp-json\/wp\/v2\/posts"}],"about":[{"href":"https:\/\/cani.com.co\/php\/wp-json\/wp\/v2\/types\/post"}],"author":[{"embeddable":true,"href":"https:\/\/cani.com.co\/php\/wp-json\/wp\/v2\/users\/2"}],"replies":[{"embeddable":true,"href":"https:\/\/cani.com.co\/php\/wp-json\/wp\/v2\/comments?post=9338"}],"version-history":[{"count":4,"href":"https:\/\/cani.com.co\/php\/wp-json\/wp\/v2\/posts\/9338\/revisions"}],"predecessor-version":[{"id":9345,"href":"https:\/\/cani.com.co\/php\/wp-json\/wp\/v2\/posts\/9338\/revisions\/9345"}],"wp:featuredmedia":[{"embeddable":true,"href":"https:\/\/cani.com.co\/php\/wp-json\/wp\/v2\/media\/9341"}],"wp:attachment":[{"href":"https:\/\/cani.com.co\/php\/wp-json\/wp\/v2\/media?parent=9338"}],"wp:term":[{"taxonomy":"category","embeddable":true,"href":"https:\/\/cani.com.co\/php\/wp-json\/wp\/v2\/categories?post=9338"},{"taxonomy":"post_tag","embeddable":true,"href":"https:\/\/cani.com.co\/php\/wp-json\/wp\/v2\/tags?post=9338"}],"curies":[{"name":"wp","href":"https:\/\/api.w.org\/{rel}","templated":true}]}}