{"id":9100,"date":"2020-05-18T14:00:37","date_gmt":"2020-05-18T14:00:37","guid":{"rendered":"https:\/\/cani.com.co\/php\/?p=9100"},"modified":"2020-05-29T15:36:09","modified_gmt":"2020-05-29T15:36:09","slug":"cuidados-del-adulto-mayor-con-demencia-en-tiempos-de-coronavirus","status":"publish","type":"post","link":"https:\/\/cani.com.co\/php\/cuidados-del-adulto-mayor-con-demencia-en-tiempos-de-coronavirus\/","title":{"rendered":"Cuidados del adulto mayor con demencia en tiempos de Coronavirus."},"content":{"rendered":"<p style=\"text-align: justify;\">La situaci\u00f3n actual que enfrentamos a causa del coronavirus COVID-19, que seg\u00fan la OMS es una emergencia de salud p\u00fablica de importancia internacional, nos reta a afrontar numerosos desaf\u00edos en diferentes \u00e1mbitos; entre ellos el familiar, personal, econ\u00f3mico, social y sanitario, donde el segmento de la poblaci\u00f3n m\u00e1s vulnerable a proteger son nuestros adultos mayores y, m\u00e1s a\u00fan a nuestros adultos mayores con demencia.<\/p>\n<p style=\"text-align: justify;\">Si partimos de que nuestro adulto mayor con demencia est\u00e1 presentando cambios cognitivos, por ejemplo: dificultades de aprendizaje, memoria, razonamiento o&nbsp; dificultades en su funci\u00f3n ejecutiva (\u2026<em>dificultad para organizar, planear, tomar decisiones, resolver problemas o auto regularse<\/em>) &nbsp;tal vez no va a entender porque es necesario &lt;&lt;quedarse en casa&gt;&gt; seg\u00fan los lineamientos impuestos por MINSALUD, tal vez no entienda porque no tiene contacto con las personas que com\u00fanmente interactuaba, tal vez no va a recordar que debe lavare las manos cada 30 minutos, o que no debe llevarse las manos a su cara, o si por alguna situaci\u00f3n debi\u00f3 salir de su casa, tal vez no va a entender porque debe seguir unos protocolos de higiene espec\u00edficos al estar fuera de casa y usar un tapabocas o al llegar a casa por ejemplo, tener que retirarse la ropa inmediatamente y ba\u00f1arse nuevamente.&nbsp;<\/p>\n<p><img loading=\"lazy\" decoding=\"async\" class=\"alignleft wp-image-9109 \" src=\"https:\/\/cani.com.co\/php\/wp-content\/uploads\/2020\/05\/\u00bfPero-c\u00f3mo-explicarle-la-nueva-situaci\u00f3n-a-nuestro-adulto-mayor-con-demencia_.png\" alt=\"\" width=\"402\" height=\"1005\" srcset=\"https:\/\/cani.com.co\/php\/wp-content\/uploads\/2020\/05\/\u00bfPero-c\u00f3mo-explicarle-la-nueva-situaci\u00f3n-a-nuestro-adulto-mayor-con-demencia_.png 800w, https:\/\/cani.com.co\/php\/wp-content\/uploads\/2020\/05\/\u00bfPero-c\u00f3mo-explicarle-la-nueva-situaci\u00f3n-a-nuestro-adulto-mayor-con-demencia_-120x300.png 120w, https:\/\/cani.com.co\/php\/wp-content\/uploads\/2020\/05\/\u00bfPero-c\u00f3mo-explicarle-la-nueva-situaci\u00f3n-a-nuestro-adulto-mayor-con-demencia_-768x1920.png 768w, https:\/\/cani.com.co\/php\/wp-content\/uploads\/2020\/05\/\u00bfPero-c\u00f3mo-explicarle-la-nueva-situaci\u00f3n-a-nuestro-adulto-mayor-con-demencia_-410x1024.png 410w, https:\/\/cani.com.co\/php\/wp-content\/uploads\/2020\/05\/\u00bfPero-c\u00f3mo-explicarle-la-nueva-situaci\u00f3n-a-nuestro-adulto-mayor-con-demencia_-555x1388.png 555w, https:\/\/cani.com.co\/php\/wp-content\/uploads\/2020\/05\/\u00bfPero-c\u00f3mo-explicarle-la-nueva-situaci\u00f3n-a-nuestro-adulto-mayor-con-demencia_-360x900.png 360w, https:\/\/cani.com.co\/php\/wp-content\/uploads\/2020\/05\/\u00bfPero-c\u00f3mo-explicarle-la-nueva-situaci\u00f3n-a-nuestro-adulto-mayor-con-demencia_-262x655.png 262w\" sizes=\"(max-width: 402px) 100vw, 402px\" \/><\/p>\n<p style=\"text-align: justify;\">Todas \u00e9stas son situaciones nuevas que implican grandes modificaciones en nuestras conductas diarias y para nuestros adultos mayores con demencia tal vez se les complique un poco m\u00e1s. De ah\u00ed que nosotros como CENTRO DE ATENCI\u00d3N NEUROL\u00d3GICA INTEGRAL queremos acompa\u00f1ar y brindar informaci\u00f3n a los cuidadores de adultos mayores con demencia que los guie en todo este proceso; siempre teniendo en cuenta que cada persona, y por supuesto, cada adulto mayor con demencia es diferente.<\/p>\n<h3 style=\"text-align: center;\" align=\"center\"><span style=\"color: #00b0f0;\">Pero \u00bfc\u00f3mo explicarle la nueva situaci\u00f3n a nuestro adulto mayor con demencia?<\/span><\/h3>\n<p style=\"text-align: justify;\">Definitivamente, en muchas ocasiones ser\u00e1 agotador para el cuidador, ya que significar\u00e1 repetir los mismos mensajes a lo largo del d\u00eda, tal vez para algunos no ser\u00e1 diferente pues incluso han generado las estrategias de distracci\u00f3n para cambiar el foco de atenci\u00f3n de sus adultos mayores; otros cuidadores necesitar\u00e1n m\u00e1s apoyo en este proceso. Para unos y otros, tenemos algunas recomendaciones que pueden tener en cuenta a la hora de transmitirles la informaci\u00f3n acerca de lo que est\u00e1 ocurriendo.<\/p>\n<p style=\"text-align: justify;\">Para unos y otros, tenemos algunas recomendaciones que pueden tener en cuenta a la hora de transmitirles la informaci\u00f3n acerca de lo que est\u00e1 ocurriendo; te invitamos a leer nuestra infograf\u00eda y compartirla.<\/p>\n<p><span style=\"font-size: 10pt;\">Elaborado por:<\/span><br \/>\n<span style=\"font-size: 10pt;\"><em>Angela Mar\u00eda Pareja Galvis<br \/>\n<\/em><em>Mg. Neuropsicolog\u00eda Cl\u00ednica<br \/>\n<\/em><em>Psic\u00f3loga<\/em><\/span><\/p>\n<p><span style=\"font-size: 10pt;\"><em>Centro de Atenci\u00f3n Neurol\u00f3gica Integral-CANI-<\/em><\/span><\/p>\n","protected":false},"excerpt":{"rendered":"<p>La situaci\u00f3n actual que enfrentamos a causa del coronavirus COVID-19, que seg\u00fan la OMS es una emergencia de salud p\u00fablica de importancia internacional, nos reta a afrontar numerosos desaf\u00edos en diferentes \u00e1mbitos; entre ellos el familiar, personal, econ\u00f3mico, social y sanitario, donde el segmento de la poblaci\u00f3n m\u00e1s vulnerable a proteger son nuestros adultos mayores [&hellip;]<\/p>\n","protected":false},"author":2,"featured_media":9116,"comment_status":"closed","ping_status":"open","sticky":false,"template":"","format":"standard","meta":{"_et_pb_use_builder":"","_et_pb_old_content":"","_et_gb_content_width":"","ngg_post_thumbnail":0,"footnotes":""},"categories":[1],"tags":[],"class_list":["post-9100","post","type-post","status-publish","format-standard","has-post-thumbnail","hentry","category-sin-categoria"],"_links":{"self":[{"href":"https:\/\/cani.com.co\/php\/wp-json\/wp\/v2\/posts\/9100","targetHints":{"allow":["GET"]}}],"collection":[{"href":"https:\/\/cani.com.co\/php\/wp-json\/wp\/v2\/posts"}],"about":[{"href":"https:\/\/cani.com.co\/php\/wp-json\/wp\/v2\/types\/post"}],"author":[{"embeddable":true,"href":"https:\/\/cani.com.co\/php\/wp-json\/wp\/v2\/users\/2"}],"replies":[{"embeddable":true,"href":"https:\/\/cani.com.co\/php\/wp-json\/wp\/v2\/comments?post=9100"}],"version-history":[{"count":4,"href":"https:\/\/cani.com.co\/php\/wp-json\/wp\/v2\/posts\/9100\/revisions"}],"predecessor-version":[{"id":9167,"href":"https:\/\/cani.com.co\/php\/wp-json\/wp\/v2\/posts\/9100\/revisions\/9167"}],"wp:featuredmedia":[{"embeddable":true,"href":"https:\/\/cani.com.co\/php\/wp-json\/wp\/v2\/media\/9116"}],"wp:attachment":[{"href":"https:\/\/cani.com.co\/php\/wp-json\/wp\/v2\/media?parent=9100"}],"wp:term":[{"taxonomy":"category","embeddable":true,"href":"https:\/\/cani.com.co\/php\/wp-json\/wp\/v2\/categories?post=9100"},{"taxonomy":"post_tag","embeddable":true,"href":"https:\/\/cani.com.co\/php\/wp-json\/wp\/v2\/tags?post=9100"}],"curies":[{"name":"wp","href":"https:\/\/api.w.org\/{rel}","templated":true}]}}